{"id":74290,"date":"2014-12-26T18:09:46","date_gmt":"2014-12-26T21:09:46","guid":{"rendered":"http:\/\/senoticias.com.br\/se\/?p=74290"},"modified":"2014-12-27T13:22:31","modified_gmt":"2014-12-27T16:22:31","slug":"heleno-e-deputados-reforcam-permanencia-do-prb-na-agricultura-de-sergipe","status":"publish","type":"post","link":"https:\/\/senoticias.com.br\/se\/heleno-e-deputados-reforcam-permanencia-do-prb-na-agricultura-de-sergipe\/","title":{"rendered":"Heleno e deputados refor\u00e7am perman\u00eancia do PRB na Agricultura de Sergipe"},"content":{"rendered":"<p style=\"text-align: justify;\">Na manh\u00e3 de hoje (26), o prefeito de Canind\u00e9 de S\u00e3o Francisco, Heleno Silva, acompanhado dos deputados eleitos Jonny Marcos (federal) e Jairo de Gl\u00f3ria (estadual), todos do PRB, tiveram uma reuni\u00e3o com o governador Jackson Barreto (PMDB). Na pauta, a\u00e7\u00f5es do Estado em benef\u00edcio do munic\u00edpio e discuss\u00e3o sobre o futuro governo, que inicia em 1\u00ba de janeiro de 2015.<\/p>\n<div id=\"attachment_74292\" style=\"width: 599px\" class=\"wp-caption aligncenter\"><a href=\"http:\/\/senoticias.com.br\/se\/wp-content\/uploads\/2014\/12\/REUNI\u00c3O-GOVERNADOR.jpg\"><img loading=\"lazy\" decoding=\"async\" aria-describedby=\"caption-attachment-74292\" class=\"size-full wp-image-74292\" alt=\"Heleno Silva, acompanhado dos deputados eleitos Jonny Marcos (federal) e Jairo de Gl\u00f3ria (estadual), todos do PRB, tiveram uma reuni\u00e3o com o governador Jackson Barreto (PMDB). (Foto: TDantas)\" src=\"http:\/\/senoticias.com.br\/se\/wp-content\/uploads\/2014\/12\/REUNI\u00c3O-GOVERNADOR.jpg\" width=\"589\" height=\"442\" srcset=\"https:\/\/senoticias.com.br\/se\/wp-content\/uploads\/2014\/12\/REUNI\u00c3O-GOVERNADOR.jpg 589w, https:\/\/senoticias.com.br\/se\/wp-content\/uploads\/2014\/12\/REUNI\u00c3O-GOVERNADOR-300x225.jpg 300w, https:\/\/senoticias.com.br\/se\/wp-content\/uploads\/2014\/12\/REUNI\u00c3O-GOVERNADOR-342x256.jpg 342w, https:\/\/senoticias.com.br\/se\/wp-content\/uploads\/2014\/12\/REUNI\u00c3O-GOVERNADOR-60x45.jpg 60w, https:\/\/senoticias.com.br\/se\/wp-content\/uploads\/2014\/12\/REUNI\u00c3O-GOVERNADOR-150x113.jpg 150w, https:\/\/senoticias.com.br\/se\/wp-content\/uploads\/2014\/12\/REUNI\u00c3O-GOVERNADOR-269x201.jpg 269w\" sizes=\"(max-width: 589px) 100vw, 589px\" \/><\/a><p id=\"caption-attachment-74292\" class=\"wp-caption-text\">Heleno Silva, acompanhado dos deputados eleitos Jonny Marcos (federal) e Jairo de Gl\u00f3ria (estadual), todos do PRB, tiveram uma reuni\u00e3o com o governador Jackson Barreto (PMDB). (Foto: TDantas)<\/p><\/div>\n<p style=\"text-align: justify;\">Atualmente, o partido comanda a Secretaria de Estado da Agricultura, atrav\u00e9s do advogado Chico Dantas, e a presid\u00eancia da Cohidro, com o ex-deputado estadual Mardoqueu Bodano. Ap\u00f3s o encontro com o governador, as tr\u00eas lideran\u00e7as voltaram a se reunir onde definiram que o grupo ir\u00e1 reivindicar a perman\u00eancia na pasta da Agricultura, como tamb\u00e9m dos seus \u00f3rg\u00e3os vinculados, como a Cohidro e a Emdagro.<\/p>\n<p style=\"text-align: justify;\">\u201cNosso agrupamento tem uma caracter\u00edstica muito forte com o campo. Temos ra\u00edzes no campo, no sert\u00e3o, e nutrimos um carinho especial pelo agricultor, que \u00e9 valente e gera riqueza e emprego para o nosso Estado. Mardoqueu e Chico est\u00e3o fazendo um excelente trabalho no desenvolvimento da Agricultura e a amplia\u00e7\u00e3o desse espa\u00e7o s\u00f3 tende a expandir as conquistas para os trabalhadores do campo e para o setor\u201d, frisa Heleno Silva.<\/p>\n<p>Por enquanto o governador ainda n\u00e3o anunciou oficialmente nenhum nome da nova equipe.<\/p>\n<p><strong>Siga o SE Not\u00edcias pelo <a href=\"https:\/\/twitter.com\/Senoticias\" target=\"_blank\">Twitter <\/a>e curta no <a href=\"https:\/\/www.facebook.com\/PortalSENoticias\" target=\"_blank\">Facebook<\/a><\/strong><\/p>\n<p><strong><em>T.Dantas Comunica\u00e7\u00e3o e Marketing<\/em><\/strong><\/p>\n","protected":false},"excerpt":{"rendered":"<p>Na manh\u00e3 de hoje (26), o prefeito de Canind\u00e9 de S\u00e3o Francisco, Heleno Silva, acompanhado dos deputados eleitos Jonny Marcos (federal) e Jairo de Gl\u00f3ria (estadual), todos do PRB, tiveram uma reuni\u00e3o com o governador Jackson Barreto (PMDB). Na pauta, a\u00e7\u00f5es do Estado em benef\u00edcio do munic\u00edpio e discuss\u00e3o sobre o futuro governo, que inicia [&hellip;]<\/p>\n","protected":false},"author":1,"featured_media":74292,"comment_status":"closed","ping_status":"closed","sticky":false,"template":"","format":"standard","meta":{"footnotes":""},"categories":[6],"tags":[],"class_list":{"0":"post-74290","1":"post","2":"type-post","3":"status-publish","4":"format-standard","5":"has-post-thumbnail","7":"category-politica"},"_links":{"self":[{"href":"https:\/\/senoticias.com.br\/se\/wp-json\/wp\/v2\/posts\/74290"}],"collection":[{"href":"https:\/\/senoticias.com.br\/se\/wp-json\/wp\/v2\/posts"}],"about":[{"href":"https:\/\/senoticias.com.br\/se\/wp-json\/wp\/v2\/types\/post"}],"author":[{"embeddable":true,"href":"https:\/\/senoticias.com.br\/se\/wp-json\/wp\/v2\/users\/1"}],"replies":[{"embeddable":true,"href":"https:\/\/senoticias.com.br\/se\/wp-json\/wp\/v2\/comments?post=74290"}],"version-history":[{"count":0,"href":"https:\/\/senoticias.com.br\/se\/wp-json\/wp\/v2\/posts\/74290\/revisions"}],"wp:featuredmedia":[{"embeddable":true,"href":"https:\/\/senoticias.com.br\/se\/wp-json\/wp\/v2\/media\/74292"}],"wp:attachment":[{"href":"https:\/\/senoticias.com.br\/se\/wp-json\/wp\/v2\/media?parent=74290"}],"wp:term":[{"taxonomy":"category","embeddable":true,"href":"https:\/\/senoticias.com.br\/se\/wp-json\/wp\/v2\/categories?post=74290"},{"taxonomy":"post_tag","embeddable":true,"href":"https:\/\/senoticias.com.br\/se\/wp-json\/wp\/v2\/tags?post=74290"}],"curies":[{"name":"wp","href":"https:\/\/api.w.org\/{rel}","templated":true}]}}