{"id":74287,"date":"2014-12-26T17:15:13","date_gmt":"2014-12-26T20:15:13","guid":{"rendered":"http:\/\/senoticias.com.br\/se\/?p=74287"},"modified":"2014-12-26T17:15:49","modified_gmt":"2014-12-26T20:15:49","slug":"unidades-de-saude-de-aracaju-terao-mudancas-no-horario-de-atendimento","status":"publish","type":"post","link":"https:\/\/senoticias.com.br\/se\/unidades-de-saude-de-aracaju-terao-mudancas-no-horario-de-atendimento\/","title":{"rendered":"Unidades de sa\u00fade de Aracaju ter\u00e3o mudan\u00e7as no hor\u00e1rio de atendimento"},"content":{"rendered":"<div id=\"attachment_74288\" style=\"width: 593px\" class=\"wp-caption aligncenter\"><a href=\"http:\/\/senoticias.com.br\/se\/wp-content\/uploads\/2014\/12\/32221.jpg\"><img loading=\"lazy\" decoding=\"async\" aria-describedby=\"caption-attachment-74288\" class=\" wp-image-74288   \" alt=\"Foto: Reprodu\u00e7\u00e3o \" src=\"http:\/\/senoticias.com.br\/se\/wp-content\/uploads\/2014\/12\/32221.jpg\" width=\"583\" height=\"361\" srcset=\"https:\/\/senoticias.com.br\/se\/wp-content\/uploads\/2014\/12\/32221.jpg 800w, https:\/\/senoticias.com.br\/se\/wp-content\/uploads\/2014\/12\/32221-300x185.jpg 300w, https:\/\/senoticias.com.br\/se\/wp-content\/uploads\/2014\/12\/32221-342x211.jpg 342w\" sizes=\"(max-width: 583px) 100vw, 583px\" \/><\/a><p id=\"caption-attachment-74288\" class=\"wp-caption-text\">Foto: Reprodu\u00e7\u00e3o<\/p><\/div>\n<p style=\"text-align: justify;\">Os pacientes que possuem atendimentos marcados para o pr\u00f3ximo dia 02 de janeiro no Centro de Especialidades M\u00e9dicas de Aracaju (Cemar) do bairro Siqueira Campos, no Centro Especializado em Reabilita\u00e7\u00e3o (CER), no Centro de Especialidades M\u00e9dicas da Crian\u00e7a e do Adolescente (Cemca) e na Unidade Municipal de Cirurgias Ambulatoriais (Umca) ser\u00e3o transferidos para o dia 09 de janeiro, nos mesmos hor\u00e1rios e locais.<\/p>\n<p style=\"text-align: justify;\">J\u00e1 os pacientes do Cemar do conjunto Augusto Franco ter\u00e3o seus atendimentos do dia 02 transferidos para o dia 16 de janeiro tamb\u00e9m em seus respectivos hor\u00e1rios marcados.<\/p>\n<p style=\"text-align: justify;\"><em>Com informa\u00e7\u00f5es da PMA<\/em><\/p>\n<p style=\"text-align: justify;\"><strong>Siga o SE Not\u00edcias pelo <a href=\"https:\/\/twitter.com\/Senoticias\" target=\"_blank\">Tw<\/a><\/strong><strong><a href=\"https:\/\/twitter.com\/Senoticias\" target=\"_blank\">itter<\/a> e curta no <a href=\"https:\/\/www.facebook.com\/PortalSENoticias\" target=\"_blank\">Facebook<\/a><\/strong><\/p>\n<p>&nbsp;<\/p>\n","protected":false},"excerpt":{"rendered":"<p>Os pacientes que possuem atendimentos marcados para o pr\u00f3ximo dia 02 de janeiro no Centro de Especialidades M\u00e9dicas de Aracaju (Cemar) do bairro Siqueira Campos, no Centro Especializado em Reabilita\u00e7\u00e3o (CER), no Centro de Especialidades M\u00e9dicas da Crian\u00e7a e do Adolescente (Cemca) e na Unidade Municipal de Cirurgias Ambulatoriais (Umca) ser\u00e3o transferidos para o dia [&hellip;]<\/p>\n","protected":false},"author":1,"featured_media":74288,"comment_status":"closed","ping_status":"closed","sticky":false,"template":"","format":"standard","meta":{"footnotes":""},"categories":[1],"tags":[],"class_list":{"0":"post-74287","1":"post","2":"type-post","3":"status-publish","4":"format-standard","5":"has-post-thumbnail","7":"category-sem-categoria"},"_links":{"self":[{"href":"https:\/\/senoticias.com.br\/se\/wp-json\/wp\/v2\/posts\/74287"}],"collection":[{"href":"https:\/\/senoticias.com.br\/se\/wp-json\/wp\/v2\/posts"}],"about":[{"href":"https:\/\/senoticias.com.br\/se\/wp-json\/wp\/v2\/types\/post"}],"author":[{"embeddable":true,"href":"https:\/\/senoticias.com.br\/se\/wp-json\/wp\/v2\/users\/1"}],"replies":[{"embeddable":true,"href":"https:\/\/senoticias.com.br\/se\/wp-json\/wp\/v2\/comments?post=74287"}],"version-history":[{"count":0,"href":"https:\/\/senoticias.com.br\/se\/wp-json\/wp\/v2\/posts\/74287\/revisions"}],"wp:featuredmedia":[{"embeddable":true,"href":"https:\/\/senoticias.com.br\/se\/wp-json\/wp\/v2\/media\/74288"}],"wp:attachment":[{"href":"https:\/\/senoticias.com.br\/se\/wp-json\/wp\/v2\/media?parent=74287"}],"wp:term":[{"taxonomy":"category","embeddable":true,"href":"https:\/\/senoticias.com.br\/se\/wp-json\/wp\/v2\/categories?post=74287"},{"taxonomy":"post_tag","embeddable":true,"href":"https:\/\/senoticias.com.br\/se\/wp-json\/wp\/v2\/tags?post=74287"}],"curies":[{"name":"wp","href":"https:\/\/api.w.org\/{rel}","templated":true}]}}