{"id":74284,"date":"2014-12-26T17:01:32","date_gmt":"2014-12-26T20:01:32","guid":{"rendered":"http:\/\/senoticias.com.br\/se\/?p=74284"},"modified":"2014-12-26T17:03:45","modified_gmt":"2014-12-26T20:03:45","slug":"corpo-de-bombeiros-inicia-pericia-em-loja-incendiada-neste-feriado","status":"publish","type":"post","link":"https:\/\/senoticias.com.br\/se\/corpo-de-bombeiros-inicia-pericia-em-loja-incendiada-neste-feriado\/","title":{"rendered":"Corpo de Bombeiros inicia per\u00edcia em loja incendiada neste feriado"},"content":{"rendered":"<p style=\"text-align: justify;\">Um inc\u00eandio da All Colors- uma loja de cartuchos e suprimentos para inform\u00e1tica, localizada entre a avenida Hermes Fontes e a rua El\u00edsio Azevedo, no Bairro S\u00e3o Jos\u00e9, surpreendeu a vizinhan\u00e7a no feriado da noite desta quinta-feira (25). O fato ocorreu por volta das 21h, no andar t\u00e9rreo do edif\u00edcio comercial Engenheiro Francisco Manoel da Costa.<\/p>\n<div id=\"attachment_74285\" style=\"width: 577px\" class=\"wp-caption aligncenter\"><a href=\"http:\/\/senoticias.com.br\/se\/wp-content\/uploads\/2014\/12\/261220147110.jpg\"><img loading=\"lazy\" decoding=\"async\" aria-describedby=\"caption-attachment-74285\" class=\" wp-image-74285     \" alt=\"O inc\u00eandio aconteceu na \u00faltima quinta-feira 25, em um pr\u00e9dio na Zona Sul de Aracaju. (Foto: Will Rodrigues) \" src=\"http:\/\/senoticias.com.br\/se\/wp-content\/uploads\/2014\/12\/261220147110.jpg\" width=\"567\" height=\"376\" srcset=\"https:\/\/senoticias.com.br\/se\/wp-content\/uploads\/2014\/12\/261220147110.jpg 960w, https:\/\/senoticias.com.br\/se\/wp-content\/uploads\/2014\/12\/261220147110-300x198.jpg 300w, https:\/\/senoticias.com.br\/se\/wp-content\/uploads\/2014\/12\/261220147110-342x226.jpg 342w\" sizes=\"(max-width: 567px) 100vw, 567px\" \/><\/a><p id=\"caption-attachment-74285\" class=\"wp-caption-text\">O inc\u00eandio aconteceu na \u00faltima quinta-feira 25, em um pr\u00e9dio na Zona Sul de Aracaju. (Foto: Will Rodrigues)<\/p><\/div>\n<p style=\"text-align: justify;\">O pr\u00e9dio possui tr\u00eas andares e n\u00e3o havia ningu\u00e9m no estabelecimento na hora do inc\u00eandio. Segundo a Tenente Manuela, foram dezoito profissionais e duas viaturas do Corpo de Bombeiros envolvidos no atendimento. O preju\u00edzo ainda n\u00e3o foi calculado, mas equipamentos como impressoras, m\u00e1quina de carrega de tonner, computadores, ar condicionador e prateleiras foram completamente destru\u00eddos pelas chamas.<\/p>\n<p style=\"text-align: justify;\">Questionado como seria tomadas as devidas provid\u00eancias em ocorr\u00eancias deste tipo o , Major Carlos Alves, orientou que o propri\u00e9tario deve solicitar per\u00edcia e fazer a entrega de um atestado de regularidade do local, caso ele n\u00e3o tenha e independente da gravidade da ocorr\u00eancia ele responder\u00e1 jucialmente, neste caso como n\u00e3o houve danos a vida e nem a terceiros ele seria somente notificado e, teria trinta dias para d\u00e1 entrada no processo pericial. &#8221; O centro da cidade \u00e9 a regi\u00e3o onde existem mais focos de inc\u00eandios, devido as lojas que ficam vazias durante a noite ou at\u00e9 mesmo no final de semana &#8211; algu\u00e9m acaba esquecendo eletrodom\u00e9stico ligado&#8221;, afirmou.<\/p>\n<p style=\"text-align: justify;\">A per\u00edcia come\u00e7ou a ser feita na manh\u00e3 desta sexta-feira (26) e o local foi devimente isolado para manter-se fiel as caracteristicas do ocorrido. O resultado s\u00f3 ser\u00e1 apresentado dentro de 30 dias.<\/p>\n<p style=\"text-align: justify;\"><em>Com informa\u00e7\u00f5es da Equipe JC<\/em><\/p>\n<p style=\"text-align: justify;\"><strong>Siga o SE Not\u00edcias pelo <a href=\"https:\/\/twitter.com\/Senoticias\" target=\"_blank\">Twitter<\/a> e curta no <a href=\"https:\/\/www.facebook.com\/PortalSENoticias\" target=\"_blank\">Facebook<\/a><\/strong><\/p>\n","protected":false},"excerpt":{"rendered":"<p>Um inc\u00eandio da All Colors- uma loja de cartuchos e suprimentos para inform\u00e1tica, localizada entre a avenida Hermes Fontes e a rua El\u00edsio Azevedo, no Bairro S\u00e3o Jos\u00e9, surpreendeu a vizinhan\u00e7a no feriado da noite desta quinta-feira (25). O fato ocorreu por volta das 21h, no andar t\u00e9rreo do edif\u00edcio comercial Engenheiro Francisco Manoel da [&hellip;]<\/p>\n","protected":false},"author":1,"featured_media":74285,"comment_status":"closed","ping_status":"closed","sticky":false,"template":"","format":"standard","meta":{"footnotes":""},"categories":[38],"tags":[],"class_list":{"0":"post-74284","1":"post","2":"type-post","3":"status-publish","4":"format-standard","5":"has-post-thumbnail","7":"category-municipios"},"_links":{"self":[{"href":"https:\/\/senoticias.com.br\/se\/wp-json\/wp\/v2\/posts\/74284"}],"collection":[{"href":"https:\/\/senoticias.com.br\/se\/wp-json\/wp\/v2\/posts"}],"about":[{"href":"https:\/\/senoticias.com.br\/se\/wp-json\/wp\/v2\/types\/post"}],"author":[{"embeddable":true,"href":"https:\/\/senoticias.com.br\/se\/wp-json\/wp\/v2\/users\/1"}],"replies":[{"embeddable":true,"href":"https:\/\/senoticias.com.br\/se\/wp-json\/wp\/v2\/comments?post=74284"}],"version-history":[{"count":0,"href":"https:\/\/senoticias.com.br\/se\/wp-json\/wp\/v2\/posts\/74284\/revisions"}],"wp:featuredmedia":[{"embeddable":true,"href":"https:\/\/senoticias.com.br\/se\/wp-json\/wp\/v2\/media\/74285"}],"wp:attachment":[{"href":"https:\/\/senoticias.com.br\/se\/wp-json\/wp\/v2\/media?parent=74284"}],"wp:term":[{"taxonomy":"category","embeddable":true,"href":"https:\/\/senoticias.com.br\/se\/wp-json\/wp\/v2\/categories?post=74284"},{"taxonomy":"post_tag","embeddable":true,"href":"https:\/\/senoticias.com.br\/se\/wp-json\/wp\/v2\/tags?post=74284"}],"curies":[{"name":"wp","href":"https:\/\/api.w.org\/{rel}","templated":true}]}}