{"id":74281,"date":"2014-12-26T16:47:34","date_gmt":"2014-12-26T19:47:34","guid":{"rendered":"http:\/\/senoticias.com.br\/se\/?p=74281"},"modified":"2014-12-26T16:47:34","modified_gmt":"2014-12-26T19:47:34","slug":"saude-destina-r-17-milhao-para-hospital-universitario-de-sergipe","status":"publish","type":"post","link":"https:\/\/senoticias.com.br\/se\/saude-destina-r-17-milhao-para-hospital-universitario-de-sergipe\/","title":{"rendered":"Sa\u00fade destina R$ 1,7 milh\u00e3o para hospital universit\u00e1rio de Sergipe"},"content":{"rendered":"<div id=\"attachment_74282\" style=\"width: 310px\" class=\"wp-caption alignright\"><a href=\"http:\/\/senoticias.com.br\/se\/wp-content\/uploads\/2014\/12\/11432014104946.jpg\"><img loading=\"lazy\" decoding=\"async\" aria-describedby=\"caption-attachment-74282\" class=\"size-medium wp-image-74282\" alt=\"Foto: Reprodu\u00e7\u00e3o \" src=\"http:\/\/senoticias.com.br\/se\/wp-content\/uploads\/2014\/12\/11432014104946-300x225.jpg\" width=\"300\" height=\"225\" srcset=\"https:\/\/senoticias.com.br\/se\/wp-content\/uploads\/2014\/12\/11432014104946-300x225.jpg 300w, https:\/\/senoticias.com.br\/se\/wp-content\/uploads\/2014\/12\/11432014104946-342x256.jpg 342w, https:\/\/senoticias.com.br\/se\/wp-content\/uploads\/2014\/12\/11432014104946-60x45.jpg 60w, https:\/\/senoticias.com.br\/se\/wp-content\/uploads\/2014\/12\/11432014104946-150x113.jpg 150w, https:\/\/senoticias.com.br\/se\/wp-content\/uploads\/2014\/12\/11432014104946-269x201.jpg 269w, https:\/\/senoticias.com.br\/se\/wp-content\/uploads\/2014\/12\/11432014104946.jpg 640w\" sizes=\"(max-width: 300px) 100vw, 300px\" \/><\/a><p id=\"caption-attachment-74282\" class=\"wp-caption-text\">Foto: Reprodu\u00e7\u00e3o<\/p><\/div>\n<p style=\"text-align: justify;\">O Minist\u00e9rio da Sa\u00fade estabeleceu em R$ 29,6 milh\u00f5es o valor que ser\u00e1 repassado a 16 hospitais universit\u00e1rios por meio do Programa Nacional de Reestrutura\u00e7\u00e3o dos Hospitais Universit\u00e1rios Federais (Rehuf). Institu\u00eddo em 2010, o programa prev\u00ea o financiamento compartilhado desses hospitais entre as \u00e1reas de educa\u00e7\u00e3o e sa\u00fade. O Hospital da Universidade Federal de Sergipe deve receber R$ 1,7 milh\u00e3o.<\/p>\n<p style=\"text-align: justify;\">Conforme portaria assinada pelo ministro Arthur Chioro, publicada nesta sexta-feira (26) no Di\u00e1rio Oficial da Uni\u00e3o, os recursos ser\u00e3o distribu\u00eddos tamb\u00e9m para as seguintes unidades: R$ 3,3 milh\u00f5es para o Hospital da Universidade Federal do Maranh\u00e3o; R$ 3 milh\u00f5es para o Hospital de Cl\u00ednicas, ligado \u00e0 Universidade Federal de Uberl\u00e2ndia; R$ 2,68 milh\u00f5es para o Hospital-Escola da Universidade Federal do Tri\u00e2ngulo Mineiro; R$ 2,59 milh\u00f5es para o Hospital de Cl\u00ednicas ligado \u00e0 Universidade Federal de Minas Gerais, e R$ 2,59 milh\u00f5es para o Hospital da Universidade Federal de Santa Maria.<\/p>\n<p style=\"text-align: justify;\">Ser\u00e3o destinados ainda R$ 2,2 milh\u00f5es para o Hospital Universit\u00e1rio Professor Alberto Antunes, da Universidade Federal de Alagoas, R$ 2,2 milh\u00f5es para o Hospital Universit\u00e1rio Walter Cant\u00eddio, ligado \u00e0 Universidade Federal do Cear\u00e1; R$ 1,7 milh\u00e3o ao Hospital Universit\u00e1rio Professor Edgard Santos, da Universidade Federal da Bahia, R$ 1,3 milh\u00e3o para o Hospital Universit\u00e1rio Get\u00falio Vargas, ligado \u00e0 Universidade Federal do Amazonas.<\/p>\n<p style=\"text-align: justify;\">Tamb\u00e9m receber\u00e3o recursos do Minist\u00e9rio da Sa\u00fade os hospitais universit\u00e1rios Cassiano Antonio de Moraes (ES), J\u00falio M\u00fcller (MT), Doutor Miguel Riet Correa J\u00fanior (RS), Hospital das Cl\u00ednicas de Goi\u00e2nia (GO), Hospital-Escola (RS), e Hospital das Cl\u00ednicas (PR).<\/p>\n<p style=\"text-align: justify;\">O Programa Nacional de Reestrutura\u00e7\u00e3o dos Hospitais Universit\u00e1rios Federais visa a criar condi\u00e7\u00f5es materiais e institucionais para que os hospitais universit\u00e1rios federais possam desempenhar plenamente suas fun\u00e7\u00f5es em rela\u00e7\u00e3o \u00e0s dimens\u00f5es de ensino, pesquisa e extens\u00e3o e \u00e0 dimens\u00e3o da assist\u00eancia \u00e0 sa\u00fade.<\/p>\n<p style=\"text-align: justify;\"><em>Fonte: Ag\u00eancia Brasil<\/em><\/p>\n<p style=\"text-align: justify;\"><strong>\u00a0Siga o SE Not\u00edcias pelo <a href=\"https:\/\/twitter.com\/Senoticias\" target=\"_blank\">Twitter <\/a>e curta no <a href=\"https:\/\/www.facebook.com\/PortalSENoticias\" target=\"_blank\">Facebook<\/a><\/strong><\/p>\n","protected":false},"excerpt":{"rendered":"<p>O Minist\u00e9rio da Sa\u00fade estabeleceu em R$ 29,6 milh\u00f5es o valor que ser\u00e1 repassado a 16 hospitais universit\u00e1rios por meio do Programa Nacional de Reestrutura\u00e7\u00e3o dos Hospitais Universit\u00e1rios Federais (Rehuf). Institu\u00eddo em 2010, o programa prev\u00ea o financiamento compartilhado desses hospitais entre as \u00e1reas de educa\u00e7\u00e3o e sa\u00fade. O Hospital da Universidade Federal de Sergipe [&hellip;]<\/p>\n","protected":false},"author":1,"featured_media":74282,"comment_status":"closed","ping_status":"closed","sticky":false,"template":"","format":"standard","meta":{"footnotes":""},"categories":[6],"tags":[],"class_list":{"0":"post-74281","1":"post","2":"type-post","3":"status-publish","4":"format-standard","5":"has-post-thumbnail","7":"category-politica"},"_links":{"self":[{"href":"https:\/\/senoticias.com.br\/se\/wp-json\/wp\/v2\/posts\/74281"}],"collection":[{"href":"https:\/\/senoticias.com.br\/se\/wp-json\/wp\/v2\/posts"}],"about":[{"href":"https:\/\/senoticias.com.br\/se\/wp-json\/wp\/v2\/types\/post"}],"author":[{"embeddable":true,"href":"https:\/\/senoticias.com.br\/se\/wp-json\/wp\/v2\/users\/1"}],"replies":[{"embeddable":true,"href":"https:\/\/senoticias.com.br\/se\/wp-json\/wp\/v2\/comments?post=74281"}],"version-history":[{"count":0,"href":"https:\/\/senoticias.com.br\/se\/wp-json\/wp\/v2\/posts\/74281\/revisions"}],"wp:featuredmedia":[{"embeddable":true,"href":"https:\/\/senoticias.com.br\/se\/wp-json\/wp\/v2\/media\/74282"}],"wp:attachment":[{"href":"https:\/\/senoticias.com.br\/se\/wp-json\/wp\/v2\/media?parent=74281"}],"wp:term":[{"taxonomy":"category","embeddable":true,"href":"https:\/\/senoticias.com.br\/se\/wp-json\/wp\/v2\/categories?post=74281"},{"taxonomy":"post_tag","embeddable":true,"href":"https:\/\/senoticias.com.br\/se\/wp-json\/wp\/v2\/tags?post=74281"}],"curies":[{"name":"wp","href":"https:\/\/api.w.org\/{rel}","templated":true}]}}