{"id":74275,"date":"2014-12-26T16:28:09","date_gmt":"2014-12-26T19:28:09","guid":{"rendered":"http:\/\/senoticias.com.br\/se\/?p=74275"},"modified":"2014-12-26T16:29:03","modified_gmt":"2014-12-26T19:29:03","slug":"vendas-no-natal-tem-primeira-queda-em-cinco-anos-revela-indicador-do-spc-brasil","status":"publish","type":"post","link":"https:\/\/senoticias.com.br\/se\/vendas-no-natal-tem-primeira-queda-em-cinco-anos-revela-indicador-do-spc-brasil\/","title":{"rendered":"Vendas no Natal t\u00eam primeira queda em cinco anos, revela indicador do SPC Brasil"},"content":{"rendered":"<p style=\"text-align: justify;\">O com\u00e9rcio varejista registrou o Natal mais fraco no volume de vendas dos \u00faltimos cinco anos. O movimento de vendas a prazo na semana que antecede o Natal, entre os dias 18 e 24 de dezembro, caiu 0,7% em rela\u00e7\u00e3o ao ano passado, segundo o indicador do Servi\u00e7o de Prote\u00e7\u00e3o ao Cr\u00e9dito (SPC Brasil).<\/p>\n<div id=\"attachment_63119\" style=\"width: 510px\" class=\"wp-caption aligncenter\"><a href=\"http:\/\/senoticias.com.br\/se\/wp-content\/uploads\/2014\/04\/25820111616101.jpg\"><img loading=\"lazy\" decoding=\"async\" aria-describedby=\"caption-attachment-63119\" class=\"size-full wp-image-63119\" alt=\"(Foto: Reprodu\u00e7\u00e3o) \" src=\"http:\/\/senoticias.com.br\/se\/wp-content\/uploads\/2014\/04\/25820111616101.jpg\" width=\"500\" height=\"332\" srcset=\"https:\/\/senoticias.com.br\/se\/wp-content\/uploads\/2014\/04\/25820111616101.jpg 500w, https:\/\/senoticias.com.br\/se\/wp-content\/uploads\/2014\/04\/25820111616101-300x199.jpg 300w, https:\/\/senoticias.com.br\/se\/wp-content\/uploads\/2014\/04\/25820111616101-342x227.jpg 342w\" sizes=\"(max-width: 500px) 100vw, 500px\" \/><\/a><p id=\"caption-attachment-63119\" class=\"wp-caption-text\">(Foto: Reprodu\u00e7\u00e3o)<\/p><\/div>\n<p style=\"text-align: justify;\">Nos anos anteriores as varia\u00e7\u00f5es positivas foram de 2,97% em 2013; 2,37% em 2012; 2,33% em 2011 e 10,89% em 2010.<\/p>\n<p style=\"text-align: justify;\">De acordo com a economista-chefe do SPC Brasil, Marcela Kawauti, o resultado negativo reflete a tend\u00eancia de desaquecimento das vendas no varejo observado ao longo de 2014, em virtude do cen\u00e1rio econ\u00f4mico desfavor\u00e1vel, com cr\u00e9dito mais caro, infla\u00e7\u00e3o elevada e baixa confian\u00e7a do consumidor.<\/p>\n<p style=\"text-align: justify;\">&#8220;A infla\u00e7\u00e3o pesou no bolso dos consumidores. Os juros est\u00e3o mais elevados e os rendimentos dos trabalhadores j\u00e1 n\u00e3o crescem com tanto vigor como nos \u00faltimos anos, o que \u00e9 fundamental para aquecer o consumo das fam\u00edlias&#8221;, afirma a economista.<\/p>\n<p style=\"text-align: justify;\"><strong>Promo\u00e7\u00f5es<\/strong><\/p>\n<p style=\"text-align: justify;\">Na avalia\u00e7\u00e3o dos economistas do SPC Brasil, o movimento econ\u00f4mico nos \u00faltimos dias do ano e nas primeiras semanas de janeiro depender\u00e1 da criatividade dos lojistas. &#8220;Como essa \u00e9 a famosa semana das trocas de presentes, a expectativa \u00e9 de que as promo\u00e7\u00f5es reaque\u00e7am o mercado at\u00e9 o final de janeiro. Com os tradicionais descontos, o\u00a0comerciante tem a oportunidade de emplacar novas vendas para melhorar o fraco desempenho no Natal&#8221;, afirma.<\/p>\n<p style=\"text-align: justify;\">O Natal \u00e9 considerado pelos lojistas como a data comemorativa mais importante em faturamento e volume de vendas e costuma movimentar, principalmente, artigos de vestu\u00e1rio, cal\u00e7ados, cosm\u00e9ticos, perfumaria, eletrodom\u00e9sticos da linha branca e eletr\u00f4nicos.<\/p>\n<p style=\"text-align: justify;\"><em>Fonte: SPC<\/em><\/p>\n<p style=\"text-align: justify;\"><strong>Siga o SE Not\u00edcias pelo <a href=\"https:\/\/twitter.com\/Senoticias\" target=\"_blank\">Twitter<\/a> e curta no <a href=\"https:\/\/www.facebook.com\/PortalSENoticias\" target=\"_blank\">Facebook<\/a><\/strong><\/p>\n","protected":false},"excerpt":{"rendered":"<p>O com\u00e9rcio varejista registrou o Natal mais fraco no volume de vendas dos \u00faltimos cinco anos. O movimento de vendas a prazo na semana que antecede o Natal, entre os dias 18 e 24 de dezembro, caiu 0,7% em rela\u00e7\u00e3o ao ano passado, segundo o indicador do Servi\u00e7o de Prote\u00e7\u00e3o ao Cr\u00e9dito (SPC Brasil). Nos [&hellip;]<\/p>\n","protected":false},"author":1,"featured_media":63119,"comment_status":"closed","ping_status":"closed","sticky":false,"template":"","format":"standard","meta":{"footnotes":""},"categories":[1],"tags":[],"class_list":{"0":"post-74275","1":"post","2":"type-post","3":"status-publish","4":"format-standard","5":"has-post-thumbnail","7":"category-sem-categoria"},"_links":{"self":[{"href":"https:\/\/senoticias.com.br\/se\/wp-json\/wp\/v2\/posts\/74275"}],"collection":[{"href":"https:\/\/senoticias.com.br\/se\/wp-json\/wp\/v2\/posts"}],"about":[{"href":"https:\/\/senoticias.com.br\/se\/wp-json\/wp\/v2\/types\/post"}],"author":[{"embeddable":true,"href":"https:\/\/senoticias.com.br\/se\/wp-json\/wp\/v2\/users\/1"}],"replies":[{"embeddable":true,"href":"https:\/\/senoticias.com.br\/se\/wp-json\/wp\/v2\/comments?post=74275"}],"version-history":[{"count":0,"href":"https:\/\/senoticias.com.br\/se\/wp-json\/wp\/v2\/posts\/74275\/revisions"}],"wp:featuredmedia":[{"embeddable":true,"href":"https:\/\/senoticias.com.br\/se\/wp-json\/wp\/v2\/media\/63119"}],"wp:attachment":[{"href":"https:\/\/senoticias.com.br\/se\/wp-json\/wp\/v2\/media?parent=74275"}],"wp:term":[{"taxonomy":"category","embeddable":true,"href":"https:\/\/senoticias.com.br\/se\/wp-json\/wp\/v2\/categories?post=74275"},{"taxonomy":"post_tag","embeddable":true,"href":"https:\/\/senoticias.com.br\/se\/wp-json\/wp\/v2\/tags?post=74275"}],"curies":[{"name":"wp","href":"https:\/\/api.w.org\/{rel}","templated":true}]}}