{"id":74268,"date":"2014-12-26T13:03:31","date_gmt":"2014-12-26T16:03:31","guid":{"rendered":"http:\/\/senoticias.com.br\/se\/?p=74268"},"modified":"2014-12-26T13:03:31","modified_gmt":"2014-12-26T16:03:31","slug":"gerador-do-ir-retido-na-fonte-estara-disponivel-a-partir-de-janeiro","status":"publish","type":"post","link":"https:\/\/senoticias.com.br\/se\/gerador-do-ir-retido-na-fonte-estara-disponivel-a-partir-de-janeiro\/","title":{"rendered":"Gerador do IR retido na fonte estar\u00e1 dispon\u00edvel a partir de janeiro"},"content":{"rendered":"<div id=\"attachment_73991\" style=\"width: 530px\" class=\"wp-caption aligncenter\"><a href=\"http:\/\/senoticias.com.br\/se\/wp-content\/uploads\/2014\/12\/611201475340.jpg\"><img loading=\"lazy\" decoding=\"async\" aria-describedby=\"caption-attachment-73991\" class=\"size-full wp-image-73991\" alt=\"Foto: Reprodu\u00e7\u00e3o \" src=\"http:\/\/senoticias.com.br\/se\/wp-content\/uploads\/2014\/12\/611201475340.jpg\" width=\"520\" height=\"265\" srcset=\"https:\/\/senoticias.com.br\/se\/wp-content\/uploads\/2014\/12\/611201475340.jpg 520w, https:\/\/senoticias.com.br\/se\/wp-content\/uploads\/2014\/12\/611201475340-300x152.jpg 300w, https:\/\/senoticias.com.br\/se\/wp-content\/uploads\/2014\/12\/611201475340-342x174.jpg 342w\" sizes=\"(max-width: 520px) 100vw, 520px\" \/><\/a><p id=\"caption-attachment-73991\" class=\"wp-caption-text\">Foto: Reprodu\u00e7\u00e3o<\/p><\/div>\n<p style=\"text-align: justify;\">O programa gerador da declara\u00e7\u00e3o do Imposto sobre a Renda Retido na Fonte (Dirf) de 2015 estar\u00e1 dispon\u00edvel no site da Receita Federal partir do dia 2 de janeiro. Depois da fase de testes e homologa\u00e7\u00e3o, o aplicativo foi aprovado, de acordo com instru\u00e7\u00e3o normativa publicada no Di\u00e1rio Oficial da Uni\u00e3o. O programa \u00e9 de reprodu\u00e7\u00e3o livre.<\/p>\n<p style=\"text-align: justify;\">A Dirf \u00e9 a declara\u00e7\u00e3o feita pela fonte pagadora com o objetivo de informar \u00e0 Receita Federal os rendimentos pagos a pessoas f\u00edsicas domiciliadas no pa\u00eds; o valor do imposto sobre a renda e as contribui\u00e7\u00f5es retidas na fonte dos rendimentos pagos ou creditados para seus benefici\u00e1rios; o pagamento, cr\u00e9dito, entrega, emprego ou remessa de valores a residentes ou domiciliados no exterior e os pagamentos a plano de assist\u00eancia \u00e0 sa\u00fade (coletivo empresarial).<\/p>\n<p style=\"text-align: justify;\"><em>Fonte: Ag\u00eancia Brasil<\/em><\/p>\n<p style=\"text-align: justify;\"><strong>Siga o SE Not\u00edcias pelo <a href=\"https:\/\/twitter.com\/Senoticias\" target=\"_blank\">Twitter<\/a> e curta no <a href=\"https:\/\/twitter.com\/Senoticias\" target=\"_blank\">Facebook<\/a><\/strong><\/p>\n","protected":false},"excerpt":{"rendered":"<p>O programa gerador da declara\u00e7\u00e3o do Imposto sobre a Renda Retido na Fonte (Dirf) de 2015 estar\u00e1 dispon\u00edvel no site da Receita Federal partir do dia 2 de janeiro. Depois da fase de testes e homologa\u00e7\u00e3o, o aplicativo foi aprovado, de acordo com instru\u00e7\u00e3o normativa publicada no Di\u00e1rio Oficial da Uni\u00e3o. O programa \u00e9 de [&hellip;]<\/p>\n","protected":false},"author":1,"featured_media":73991,"comment_status":"closed","ping_status":"closed","sticky":false,"template":"","format":"standard","meta":{"footnotes":""},"categories":[1],"tags":[],"class_list":{"0":"post-74268","1":"post","2":"type-post","3":"status-publish","4":"format-standard","5":"has-post-thumbnail","7":"category-sem-categoria"},"_links":{"self":[{"href":"https:\/\/senoticias.com.br\/se\/wp-json\/wp\/v2\/posts\/74268"}],"collection":[{"href":"https:\/\/senoticias.com.br\/se\/wp-json\/wp\/v2\/posts"}],"about":[{"href":"https:\/\/senoticias.com.br\/se\/wp-json\/wp\/v2\/types\/post"}],"author":[{"embeddable":true,"href":"https:\/\/senoticias.com.br\/se\/wp-json\/wp\/v2\/users\/1"}],"replies":[{"embeddable":true,"href":"https:\/\/senoticias.com.br\/se\/wp-json\/wp\/v2\/comments?post=74268"}],"version-history":[{"count":0,"href":"https:\/\/senoticias.com.br\/se\/wp-json\/wp\/v2\/posts\/74268\/revisions"}],"wp:featuredmedia":[{"embeddable":true,"href":"https:\/\/senoticias.com.br\/se\/wp-json\/wp\/v2\/media\/73991"}],"wp:attachment":[{"href":"https:\/\/senoticias.com.br\/se\/wp-json\/wp\/v2\/media?parent=74268"}],"wp:term":[{"taxonomy":"category","embeddable":true,"href":"https:\/\/senoticias.com.br\/se\/wp-json\/wp\/v2\/categories?post=74268"},{"taxonomy":"post_tag","embeddable":true,"href":"https:\/\/senoticias.com.br\/se\/wp-json\/wp\/v2\/tags?post=74268"}],"curies":[{"name":"wp","href":"https:\/\/api.w.org\/{rel}","templated":true}]}}