{"id":74263,"date":"2014-12-26T12:54:38","date_gmt":"2014-12-26T15:54:38","guid":{"rendered":"http:\/\/senoticias.com.br\/se\/?p=74263"},"modified":"2014-12-26T12:56:47","modified_gmt":"2014-12-26T15:56:47","slug":"iml-registra-mais-de-10-corpos-nas-ultimas-12h-em-se","status":"publish","type":"post","link":"https:\/\/senoticias.com.br\/se\/iml-registra-mais-de-10-corpos-nas-ultimas-12h-em-se\/","title":{"rendered":"IML registra mais de 10 corpos nas \u00faltimas 12h em SE"},"content":{"rendered":"<div id=\"attachment_49681\" style=\"width: 310px\" class=\"wp-caption alignright\"><a href=\"http:\/\/senoticias.com.br\/se\/wp-content\/uploads\/2013\/06\/iml.jpg\"><img loading=\"lazy\" decoding=\"async\" aria-describedby=\"caption-attachment-49681\" class=\"size-medium wp-image-49681\" alt=\"V\u00e1rios registros foram em decorr\u00eancia de acidentes de tr\u00e2nsito.  (Foto: Reprodu\u00e7\u00e3o)\" src=\"http:\/\/senoticias.com.br\/se\/wp-content\/uploads\/2013\/06\/iml-300x225.jpg\" width=\"300\" height=\"225\" srcset=\"https:\/\/senoticias.com.br\/se\/wp-content\/uploads\/2013\/06\/iml-300x225.jpg 300w, https:\/\/senoticias.com.br\/se\/wp-content\/uploads\/2013\/06\/iml-342x256.jpg 342w, https:\/\/senoticias.com.br\/se\/wp-content\/uploads\/2013\/06\/iml-60x45.jpg 60w, https:\/\/senoticias.com.br\/se\/wp-content\/uploads\/2013\/06\/iml-150x113.jpg 150w, https:\/\/senoticias.com.br\/se\/wp-content\/uploads\/2013\/06\/iml-269x201.jpg 269w, https:\/\/senoticias.com.br\/se\/wp-content\/uploads\/2013\/06\/iml.jpg 346w\" sizes=\"(max-width: 300px) 100vw, 300px\" \/><\/a><p id=\"caption-attachment-49681\" class=\"wp-caption-text\">V\u00e1rios registros foram em decorr\u00eancia de acidentes de tr\u00e2nsito.\u00a0(Foto: Reprodu\u00e7\u00e3o)<\/p><\/div>\n<p style=\"text-align: justify;\">12 corpos foram registrados pelo Instituto M\u00e9dico Legal (IML\/SE) nas \u00faltimas 12 horas. Entre as datas 25 e 26 de dezembro, marcadas pelo feriado natalino, v\u00e1rios foram os registros de ocorr\u00eancias relacionadas ao tr\u00e2nsito no estado de Sergipe.<\/p>\n<p style=\"text-align: justify;\">Jos\u00e9 Renato Menezes, de 49 anos, foi v\u00edtima de uma colis\u00e3o entre ve\u00edculos no munic\u00edpio de Itabaiana. O acidente aconteceu pr\u00f3ximo ao Rio das Pedras, na BR 235 no km 40.5.<\/p>\n<p style=\"text-align: justify;\">Fracescolli Oliveira Santos, de 18 anos, morreu em decorr\u00eancia do tr\u00e2nsito em virtude de uma colis\u00e3o entre ve\u00edculos na rodovia que liga os munic\u00edpios de Ros\u00e1rio do Catete e Maruim.<\/p>\n<p style=\"text-align: justify;\">Severino Barros da Silva, de 33 anos, morreu em um acidente motocicl\u00edstico na cidade de Telha. Josael dos Santos, de 45 anos, se envolveu em uma colis\u00e3o entre ve\u00edculos na rodovia entre Japaratuba e Pirambu.<\/p>\n<p style=\"text-align: justify;\">Maria de F\u00e1tima dos Santos, de 56 anos, foi atropelada e morreu no munic\u00edpio de Lagarto.<\/p>\n<p style=\"text-align: justify;\">Dois corpos permanecem sem identifica\u00e7\u00e3o no IML\/SE. Ambos tiveram morte causa por acidentes de tr\u00e2nsito: um por acidente de moto e o outro por colis\u00e3o entre ve\u00edculos. O IML\/SE aguarda a chegada de familiares para fazer a identifica\u00e7\u00e3o.<\/p>\n<p style=\"text-align: justify;\"><strong>Outras causas<\/strong><\/p>\n<p style=\"text-align: justify;\">Al\u00e9m das mortes causadas pelo tr\u00e2nsito, outros cinco corpos foram registrados, destes quatro foram causadas por arma de fogo. Alex Santos Silva, de 22 anos, morreu no conjunto Albano Franco, em Nossa Senhora do Socorro. Ricardo Gonzaga da Cruz, de 25, faleceu na travessa Jos\u00e9 Marcelino, no munic\u00edpio de Est\u00e2ncia. Josimar Santos Concei\u00e7\u00e3o, de 27 anos, morreu no povoado Macaco, em Areia Branca. E Jos\u00e9 Jailson Lima, de 40, morreu em Nossa Senhora Aparecida.<\/p>\n<p style=\"text-align: justify;\">Um dos corpos foi registrado por afogamento. Rosival Viturino Alves, de 45 anos, morreu afogado no povoado Niteroi, em Porto da Folha.<\/p>\n<p style=\"text-align: justify;\"><em>Com informa\u00e7\u00f5es do Portal Infonet<\/em><\/p>\n<p style=\"text-align: justify;\"><strong>Siga o SE Not\u00edcias pelo <a href=\"https:\/\/twitter.com\/Senoticias\" target=\"_blank\">Twitter <\/a>e curta no <a href=\"https:\/\/www.facebook.com\/PortalSENoticias\" target=\"_blank\">Facebook<\/a><\/strong><\/p>\n","protected":false},"excerpt":{"rendered":"<p>12 corpos foram registrados pelo Instituto M\u00e9dico Legal (IML\/SE) nas \u00faltimas 12 horas. Entre as datas 25 e 26 de dezembro, marcadas pelo feriado natalino, v\u00e1rios foram os registros de ocorr\u00eancias relacionadas ao tr\u00e2nsito no estado de Sergipe. Jos\u00e9 Renato Menezes, de 49 anos, foi v\u00edtima de uma colis\u00e3o entre ve\u00edculos no munic\u00edpio de Itabaiana. [&hellip;]<\/p>\n","protected":false},"author":1,"featured_media":49681,"comment_status":"closed","ping_status":"closed","sticky":false,"template":"","format":"standard","meta":{"footnotes":""},"categories":[7,1],"tags":[],"class_list":{"0":"post-74263","1":"post","2":"type-post","3":"status-publish","4":"format-standard","5":"has-post-thumbnail","7":"category-policia","8":"category-sem-categoria"},"_links":{"self":[{"href":"https:\/\/senoticias.com.br\/se\/wp-json\/wp\/v2\/posts\/74263"}],"collection":[{"href":"https:\/\/senoticias.com.br\/se\/wp-json\/wp\/v2\/posts"}],"about":[{"href":"https:\/\/senoticias.com.br\/se\/wp-json\/wp\/v2\/types\/post"}],"author":[{"embeddable":true,"href":"https:\/\/senoticias.com.br\/se\/wp-json\/wp\/v2\/users\/1"}],"replies":[{"embeddable":true,"href":"https:\/\/senoticias.com.br\/se\/wp-json\/wp\/v2\/comments?post=74263"}],"version-history":[{"count":0,"href":"https:\/\/senoticias.com.br\/se\/wp-json\/wp\/v2\/posts\/74263\/revisions"}],"wp:featuredmedia":[{"embeddable":true,"href":"https:\/\/senoticias.com.br\/se\/wp-json\/wp\/v2\/media\/49681"}],"wp:attachment":[{"href":"https:\/\/senoticias.com.br\/se\/wp-json\/wp\/v2\/media?parent=74263"}],"wp:term":[{"taxonomy":"category","embeddable":true,"href":"https:\/\/senoticias.com.br\/se\/wp-json\/wp\/v2\/categories?post=74263"},{"taxonomy":"post_tag","embeddable":true,"href":"https:\/\/senoticias.com.br\/se\/wp-json\/wp\/v2\/tags?post=74263"}],"curies":[{"name":"wp","href":"https:\/\/api.w.org\/{rel}","templated":true}]}}