{"id":72067,"date":"2014-11-01T16:26:13","date_gmt":"2014-11-01T19:26:13","guid":{"rendered":"http:\/\/senoticias.com.br\/se\/?p=72067"},"modified":"2014-11-03T07:06:04","modified_gmt":"2014-11-03T10:06:04","slug":"ex-jogador-do-confianca-e-morto-a-tiros-dentro-de-churrascaria-no-piaui","status":"publish","type":"post","link":"https:\/\/senoticias.com.br\/se\/ex-jogador-do-confianca-e-morto-a-tiros-dentro-de-churrascaria-no-piaui\/","title":{"rendered":"Ex-jogador do Confian\u00e7a \u00e9 morto a tiros dentro de churrascaria  no Piau\u00ed"},"content":{"rendered":"<div>\n<div>\n<p><em>Catarina Costa, do G1 PI<\/em><\/p>\n<\/div>\n<\/div>\n<div id=\"attachment_72073\" style=\"width: 254px\" class=\"wp-caption alignright\"><a href=\"http:\/\/senoticias.com.br\/se\/wp-content\/uploads\/2014\/11\/Edson-Piau\u00ed.jpg\"><img loading=\"lazy\" decoding=\"async\" aria-describedby=\"caption-attachment-72073\" class=\"size-medium wp-image-72073\" alt=\"Jogador teria se envolvido em discuss\u00e3o e foi morto com dois tiros (Foto: Floriano News)\" src=\"http:\/\/senoticias.com.br\/se\/wp-content\/uploads\/2014\/11\/Edson-Piau\u00ed-244x300.jpg\" width=\"244\" height=\"300\" srcset=\"https:\/\/senoticias.com.br\/se\/wp-content\/uploads\/2014\/11\/Edson-Piau\u00ed-244x300.jpg 244w, https:\/\/senoticias.com.br\/se\/wp-content\/uploads\/2014\/11\/Edson-Piau\u00ed-342x419.jpg 342w, https:\/\/senoticias.com.br\/se\/wp-content\/uploads\/2014\/11\/Edson-Piau\u00ed-300x368.jpg 300w, https:\/\/senoticias.com.br\/se\/wp-content\/uploads\/2014\/11\/Edson-Piau\u00ed.jpg 379w\" sizes=\"(max-width: 244px) 100vw, 244px\" \/><\/a><p id=\"caption-attachment-72073\" class=\"wp-caption-text\">Jogador teria se envolvido em discuss\u00e3o e foi morto com dois tiros (Foto: Floriano News)<\/p><\/div>\n<p style=\"text-align: justify;\">O jogador Edson D\u00e9cimo Alves de Ara\u00fajo, 27 anos, foi morto com dois tiros na madrugada deste s\u00e1bado (1\u00b0) durante uma discuss\u00e3o dentro de uma churrascaria na cidade de Floriano, Sul do Piau\u00ed. Segundo o tenente Roberto Feitosa, do 3\u00b0 Batalh\u00e3o da Pol\u00edcia Militar, a v\u00edtima estava em companhia do irm\u00e3o que \u00e9 policial e ficou ferido na confus\u00e3o com o suspeito dos disparos.<\/p>\n<p style=\"text-align: justify;\">&#8220;Testemunhas relatam que o jogador discutiu com o suspeito na noite anterior durante uma festa num clube e ap\u00f3s sentir-se amea\u00e7ado deixou o local, seguindo em dire\u00e7\u00e3o a casa do seu irm\u00e3o. Edson pediu que o irm\u00e3o ent\u00e3o o acompanhasse at\u00e9 uma churrascaria e ao estacionar o carro foram abordados pelo atirador&#8221;, explicou o tenente.<\/p>\n<p style=\"text-align: justify;\">De acordo com o oficial, o suspeito efetuou cinco disparos. Os tiros acertaram o queixo e o abd\u00f3men da v\u00edtima que morreu no local, e outros atingiram o peito e o t\u00f3rax do irm\u00e3o do jogador, que foi encaminhado em estado grave para o hospital regional do munic\u00edpio. &#8220;Ap\u00f3s o homic\u00eddio o autor dos disparos fugiu de carro e dilig\u00eancias foram feitas na regi\u00e3o, mas ele n\u00e3o foi encontrado. J\u00e1 acionamos as pol\u00edcias de Boca\u00edna e Itaueira para nos ajudar nas buscas&#8221;, contou.<\/p>\n<p style=\"text-align: justify;\">O corpo do atleta foi levado para o necrot\u00e9rio do Hospital regional Tib\u00e9rio Nunes, para a realiza\u00e7\u00e3o de exames periciais. O irm\u00e3o da v\u00edtima, identificado apenas como cabo Erisvaldo passou por cirurgia na manh\u00e3 deste s\u00e1bado, pois teve o tiro atingiu os intestinos delgado e grosso.<\/p>\n<p style=\"text-align: justify;\">Edson D\u00e9cimo Alves de Ara\u00fajo era natural de Floriano e atuava no time do Boa Esporte Clube, de Varginha (MG), que disputa a S\u00e9rie B do Campeonato Brasileiro. Ele havia sido dispensado nesta semana da equipe mineira. A v\u00edtima estava na cidade natal, onde estava passando as f\u00e9rias com a fam\u00edlia e comemorando um novo contrato com o Rio Claro, que vai disputar a 1\u00aa divis\u00e3o do Campeonato Paulista.<\/p>\n<p style=\"text-align: justify;\">A diretoria de futebol do Rio Claro, disse estar bastante abalado com a not\u00edcia do assassinato do jogador Edson Piau\u00ed, que recentemente havia sido contratado para defender o Galo Azul no Paulist\u00e3o de 2015.<\/p>\n<p style=\"text-align: justify;\"><em>Veja a nota<\/em><\/p>\n<p style=\"text-align: justify;\"><em>A Diretoria do Rio Claro FC e atrav\u00e9s do Presidente Luiz Balbo, expressa os sentimentos aos familiares do lateral esquerdo Piau\u00ed, assassinado na madrugada deste s\u00e1bado na cidade de Floriano no interior do Piau\u00ed.<\/em><\/p>\n<p style=\"text-align: justify;\"><em>O jogador estava feliz por ter acertado com o Galo Azul para a disputa do Campeonato Paulista, e a negocia\u00e7\u00e3o para sua chegada foi bem tranq\u00fcila.<\/em><\/p>\n<p style=\"text-align: justify;\"><em>Edson D\u00e9cimo Alves de Ara\u00fajo tinha 27 anos, iniciou a carreira no Atl\u00e9tico PR e passou a ficar conhecido quando se destacou pelo Salgueiro em 2011. Em 2012 disputou o Paulist\u00e3o pelo Mogi Mirim, atuou pelo Oeste no primeiro semestre deste ano e seu \u00faltimo clube foi o Boa Esporte na S\u00e9rie B do Campeonato Brasileiro.<\/em><\/p>\n<p>Edson Piau\u00ed come\u00e7ou a carreira no Atl\u00e9tico-PR e depois jogou pelo N\u00e1utico, Porto, Salgueiro, Santa Cruz, <strong>Confian\u00e7a (SE)<\/strong>, ABC e Oeste.<\/p>\n<p>&nbsp;<\/p>\n<p>&nbsp;<br \/>\n<strong>Siga o SE Not\u00edcias pelo <a href=\" https:\/\/twitter.com\/Senoticias\" target=\"_blank\">Twitter<\/a> e curta no <a href=\" https:\/\/www.facebook.com\/PortalSENoticias\" target=\"_blank\">Facebook<\/a><\/strong><\/p>\n<p>&nbsp;<\/p>\n<p>&nbsp;<\/p>\n<p>&nbsp;<\/p>\n<p>&nbsp;<\/p>\n<p>&nbsp;<\/p>\n<p>&nbsp;<\/p>\n<p>&nbsp;<\/p>\n<p>&nbsp;<\/p>\n<p>&nbsp;<\/p>\n<p>&nbsp;<\/p>\n<p>&nbsp;<\/p>\n<p>&nbsp;<\/p>\n<p>&nbsp;<\/p>\n<p>&nbsp;<\/p>\n<p>&nbsp;<\/p>\n<p>&nbsp;<\/p>\n","protected":false},"excerpt":{"rendered":"<p>Catarina Costa, do G1 PI O jogador Edson D\u00e9cimo Alves de Ara\u00fajo, 27 anos, foi morto com dois tiros na madrugada deste s\u00e1bado (1\u00b0) durante uma discuss\u00e3o dentro de uma churrascaria na cidade de Floriano, Sul do Piau\u00ed. Segundo o tenente Roberto Feitosa, do 3\u00b0 Batalh\u00e3o da Pol\u00edcia Militar, a v\u00edtima estava em companhia do [&hellip;]<\/p>\n","protected":false},"author":1,"featured_media":72073,"comment_status":"closed","ping_status":"closed","sticky":false,"template":"","format":"standard","meta":{"footnotes":""},"categories":[310,7],"tags":[],"class_list":{"0":"post-72067","1":"post","2":"type-post","3":"status-publish","4":"format-standard","5":"has-post-thumbnail","7":"category-destaques-da-semana","8":"category-policia"},"_links":{"self":[{"href":"https:\/\/senoticias.com.br\/se\/wp-json\/wp\/v2\/posts\/72067"}],"collection":[{"href":"https:\/\/senoticias.com.br\/se\/wp-json\/wp\/v2\/posts"}],"about":[{"href":"https:\/\/senoticias.com.br\/se\/wp-json\/wp\/v2\/types\/post"}],"author":[{"embeddable":true,"href":"https:\/\/senoticias.com.br\/se\/wp-json\/wp\/v2\/users\/1"}],"replies":[{"embeddable":true,"href":"https:\/\/senoticias.com.br\/se\/wp-json\/wp\/v2\/comments?post=72067"}],"version-history":[{"count":0,"href":"https:\/\/senoticias.com.br\/se\/wp-json\/wp\/v2\/posts\/72067\/revisions"}],"wp:featuredmedia":[{"embeddable":true,"href":"https:\/\/senoticias.com.br\/se\/wp-json\/wp\/v2\/media\/72073"}],"wp:attachment":[{"href":"https:\/\/senoticias.com.br\/se\/wp-json\/wp\/v2\/media?parent=72067"}],"wp:term":[{"taxonomy":"category","embeddable":true,"href":"https:\/\/senoticias.com.br\/se\/wp-json\/wp\/v2\/categories?post=72067"},{"taxonomy":"post_tag","embeddable":true,"href":"https:\/\/senoticias.com.br\/se\/wp-json\/wp\/v2\/tags?post=72067"}],"curies":[{"name":"wp","href":"https:\/\/api.w.org\/{rel}","templated":true}]}}