{"id":71379,"date":"2014-10-16T17:20:20","date_gmt":"2014-10-16T20:20:20","guid":{"rendered":"http:\/\/senoticias.com.br\/se\/?p=71379"},"modified":"2014-10-16T17:20:20","modified_gmt":"2014-10-16T20:20:20","slug":"mapas-de-aracaju-sao-entregues-a-rede-hoteleira","status":"publish","type":"post","link":"https:\/\/senoticias.com.br\/se\/mapas-de-aracaju-sao-entregues-a-rede-hoteleira\/","title":{"rendered":"Mapas de Aracaju s\u00e3o entregues \u00e0 rede hoteleira"},"content":{"rendered":"<div id=\"attachment_71380\" style=\"width: 310px\" class=\"wp-caption alignright\"><a href=\"http:\/\/senoticias.com.br\/se\/wp-content\/uploads\/2014\/10\/grande-mapa-aracaju-16102014.jpg\"><img loading=\"lazy\" decoding=\"async\" aria-describedby=\"caption-attachment-71380\" class=\"size-medium wp-image-71380\" alt=\"Material tem dicas tur\u00edsticas e detalhes de capital sergipana (Foto: AAN)\" src=\"http:\/\/senoticias.com.br\/se\/wp-content\/uploads\/2014\/10\/grande-mapa-aracaju-16102014-300x199.jpg\" width=\"300\" height=\"199\" srcset=\"https:\/\/senoticias.com.br\/se\/wp-content\/uploads\/2014\/10\/grande-mapa-aracaju-16102014-300x199.jpg 300w, https:\/\/senoticias.com.br\/se\/wp-content\/uploads\/2014\/10\/grande-mapa-aracaju-16102014-342x227.jpg 342w, https:\/\/senoticias.com.br\/se\/wp-content\/uploads\/2014\/10\/grande-mapa-aracaju-16102014.jpg 1000w\" sizes=\"(max-width: 300px) 100vw, 300px\" \/><\/a><p id=\"caption-attachment-71380\" class=\"wp-caption-text\">Material tem dicas tur\u00edsticas e detalhes de capital sergipana (Foto: AAN)<\/p><\/div>\n<p style=\"text-align: justify;\">Dando continuidade \u00e0s a\u00e7\u00f5es de incrementa\u00e7\u00e3o do turismo em Aracaju, a Secretaria Municipal da Ind\u00fastria, Com\u00e9rcio e Turismo (SEMICT) distribuiu em toda rede hoteleira da capital displays com mapas da cidade com dicas tur\u00edsticas como dados do munic\u00edpio, locais de apoio tur\u00edsticos, hot\u00e9is, restaurantes, localiza\u00e7\u00e3o de aeroporto e terminal rodovi\u00e1rio, al\u00e9m de toda a malha tur\u00edstica da capital sergipana.<\/p>\n<p style=\"text-align: justify;\">O mapa foi constru\u00eddo de forma ilustrativa no modo pr\u00e1tico e de f\u00e1cil compreens\u00e3o para facilitar a vida do turista que busca conhecer Aracaju. Com este mapa o turista vai colocar Aracaju no bolso. De forma dobr\u00e1vel e reduzida, o mapa pode ser colocado no bolso da cal\u00e7a ou da camisa e pronto para qualquer necessidade.<\/p>\n<p style=\"text-align: justify;\">A entrega dos mapas na rede hoteleira aconteceu de forma individual e tamb\u00e9m coletiva com a entrega oficializada na ABIH\/SE onde foi recebido pela presidente, Daniela Mesquita.<\/p>\n<p style=\"text-align: justify;\">De acordo com o secret\u00e1rio adjunto da Ind\u00fastria, Com\u00e9rcio e Turismo de Aracaju, F\u00e1bio Andrade, o mapa ser\u00e1 essencial no processo de inova\u00e7\u00e3o do turismo proposto pela SEMICT. &#8220;Desde que a secretaria foi criada busc\u00e1vamos um modelo de mapa que fosse acess\u00edvel, n\u00e3o s\u00f3 no seu manuseio, mas tamb\u00e9m na interpreta\u00e7\u00e3o das informa\u00e7\u00f5es e, ao longo deste processo, pesquisamos com segmentos do trade a melhor forma para que, posteriormente, confeccion\u00e1ssemos. O resultado est\u00e1 a\u00ed sendo distribu\u00eddo na rede hoteleira de forma massiva e tem incrementado o turismo em Aracaju. Com isso, estamos inovando neste segmento uma vez que este mapa distribu\u00eddo pela SEMICT difere dos anteriores por sua forma, desde a concep\u00e7\u00e3o at\u00e9 a entrega do produto ao p\u00fablico final&#8221;, disse F\u00e1bio Andrade.<\/p>\n<p style=\"text-align: justify;\">Para a presidente da ABIH\/SE, Daniela Mesquita, a entrega dos mapas veio para solucionar uma defici\u00eancia no aux\u00edlio ao turista. &#8220;T\u00ednhamos dificuldades quando o turista procurava por um mapa da cidade porque raramente t\u00ednhamos um para disponibilizar. O mapa que recebemos da SEMICT \u00e9 excelente e de f\u00e1cil compreens\u00e3o, o que facilitar\u00e1 a vida dos turistas e de n\u00f3s que fazemos a rede hoteleira porque teremos mais um item para disponibilizar. A Secretaria Municipal da Ind\u00fastria, Com\u00e9rcio e Turismo de Aracaju est\u00e1 de parab\u00e9ns&#8221;, disse Daniela Mesquita, presidente da ABIH\/SE.<\/p>\n<p style=\"text-align: justify;\">A coordenadora do departamento tur\u00edstico da SEMICT, Christian Costa Pedral, destaca que a chegada dos mapas agradou em cheio a rede hoteleira. &#8220;Quando cheg\u00e1vamos aos hot\u00e9is e apresent\u00e1vamos os mapas, todos recebiam com muita satisfa\u00e7\u00e3o e elogiavam bastante a iniciativa, numa demonstra\u00e7\u00e3o de como era necess\u00e1rio esta distribui\u00e7\u00e3o&#8221;, disse Chris Costa Pedral.<\/p>\n<p style=\"text-align: justify;\"><em>Com informa\u00e7\u00f5es da Semict<\/em><\/p>\n<p style=\"text-align: justify;\"><strong>Siga o SE Not\u00edcias pelo <a href=\"https:\/\/twitter.com\/Senoticias\" target=\"_blank\">Twitter<\/a> e curta no <a href=\"https:\/\/www.facebook.com\/PortalSENoticias\" target=\"_blank\">Facebook<\/a><\/strong><\/p>\n","protected":false},"excerpt":{"rendered":"<p>Dando continuidade \u00e0s a\u00e7\u00f5es de incrementa\u00e7\u00e3o do turismo em Aracaju, a Secretaria Municipal da Ind\u00fastria, Com\u00e9rcio e Turismo (SEMICT) distribuiu em toda rede hoteleira da capital displays com mapas da cidade com dicas tur\u00edsticas como dados do munic\u00edpio, locais de apoio tur\u00edsticos, hot\u00e9is, restaurantes, localiza\u00e7\u00e3o de aeroporto e terminal rodovi\u00e1rio, al\u00e9m de toda a malha [&hellip;]<\/p>\n","protected":false},"author":1,"featured_media":71380,"comment_status":"closed","ping_status":"closed","sticky":false,"template":"","format":"standard","meta":{"footnotes":""},"categories":[42],"tags":[],"class_list":{"0":"post-71379","1":"post","2":"type-post","3":"status-publish","4":"format-standard","5":"has-post-thumbnail","7":"category-turismo"},"_links":{"self":[{"href":"https:\/\/senoticias.com.br\/se\/wp-json\/wp\/v2\/posts\/71379"}],"collection":[{"href":"https:\/\/senoticias.com.br\/se\/wp-json\/wp\/v2\/posts"}],"about":[{"href":"https:\/\/senoticias.com.br\/se\/wp-json\/wp\/v2\/types\/post"}],"author":[{"embeddable":true,"href":"https:\/\/senoticias.com.br\/se\/wp-json\/wp\/v2\/users\/1"}],"replies":[{"embeddable":true,"href":"https:\/\/senoticias.com.br\/se\/wp-json\/wp\/v2\/comments?post=71379"}],"version-history":[{"count":0,"href":"https:\/\/senoticias.com.br\/se\/wp-json\/wp\/v2\/posts\/71379\/revisions"}],"wp:featuredmedia":[{"embeddable":true,"href":"https:\/\/senoticias.com.br\/se\/wp-json\/wp\/v2\/media\/71380"}],"wp:attachment":[{"href":"https:\/\/senoticias.com.br\/se\/wp-json\/wp\/v2\/media?parent=71379"}],"wp:term":[{"taxonomy":"category","embeddable":true,"href":"https:\/\/senoticias.com.br\/se\/wp-json\/wp\/v2\/categories?post=71379"},{"taxonomy":"post_tag","embeddable":true,"href":"https:\/\/senoticias.com.br\/se\/wp-json\/wp\/v2\/tags?post=71379"}],"curies":[{"name":"wp","href":"https:\/\/api.w.org\/{rel}","templated":true}]}}