{"id":71182,"date":"2014-10-13T16:38:35","date_gmt":"2014-10-13T19:38:35","guid":{"rendered":"http:\/\/senoticias.com.br\/se\/?p=71182"},"modified":"2014-10-13T16:40:03","modified_gmt":"2014-10-13T19:40:03","slug":"documento-do-vaticano-defende-mudanca-da-igreja-em-relacao-a-gays","status":"publish","type":"post","link":"https:\/\/senoticias.com.br\/se\/documento-do-vaticano-defende-mudanca-da-igreja-em-relacao-a-gays\/","title":{"rendered":"Documento do Vaticano defende mudan\u00e7a da Igreja em rela\u00e7\u00e3o a gays"},"content":{"rendered":"<p style=\"text-align: justify;\">Numa grande mudan\u00e7a de tom, um documento do Vaticano declarou nesta segunda-feira (13) que os homossexuais t\u00eam \u201cdons e qualidades a oferecer\u201d e indagou se o catolicismo pode aceitar os gays e reconhecer aspectos positivos de casais do mesmo sexo.<\/p>\n<p style=\"text-align: justify;\">O documento, preparado ap\u00f3s uma semana de discuss\u00f5es sobre temas relacionados \u00e0 fam\u00edlia no s\u00ednodo que reuniu 200 bispos, disse que a Igreja deveria aceitar o desafio de encontrar \u201cum espa\u00e7o fraternal\u201d para os homossexuais sem abdicar da doutrina cat\u00f3lica sobre fam\u00edlia e matrim\u00f4nio.<\/p>\n<div id=\"attachment_71183\" style=\"width: 568px\" class=\"wp-caption aligncenter\"><a href=\"http:\/\/senoticias.com.br\/se\/wp-content\/uploads\/2014\/10\/papa.jpg\"><img loading=\"lazy\" decoding=\"async\" aria-describedby=\"caption-attachment-71183\" class=\" wp-image-71183 \" alt=\"Bispos em reuni\u00e3o matinal do s\u00ednodo da fam\u00edlia, no Vaticano, nesta segunda-feira (13) (Foto: Gregorio Borgia\/AP)\" src=\"http:\/\/senoticias.com.br\/se\/wp-content\/uploads\/2014\/10\/papa.jpg\" width=\"558\" height=\"360\" srcset=\"https:\/\/senoticias.com.br\/se\/wp-content\/uploads\/2014\/10\/papa.jpg 620w, https:\/\/senoticias.com.br\/se\/wp-content\/uploads\/2014\/10\/papa-300x193.jpg 300w, https:\/\/senoticias.com.br\/se\/wp-content\/uploads\/2014\/10\/papa-342x220.jpg 342w\" sizes=\"(max-width: 558px) 100vw, 558px\" \/><\/a><p id=\"caption-attachment-71183\" class=\"wp-caption-text\">Bispos em reuni\u00e3o matinal do s\u00ednodo da fam\u00edlia, no Vaticano, nesta segunda-feira (13) (Foto: Gregorio Borgia\/AP)<\/p><\/div>\n<p style=\"text-align: justify;\">Embora o texto n\u00e3o assinale nenhuma mudan\u00e7a na condena\u00e7\u00e3o da igreja aos atos homossexuais ou em sua oposi\u00e7\u00e3o ao casamento gay, usa uma linguagem menos condenat\u00f3ria e mais compassiva que comunicados anteriores do Vaticano, sob o comando de outros papas.<\/p>\n<p style=\"text-align: justify;\">A declara\u00e7\u00e3o ser\u00e1 a base das conversas da segunda e \u00faltima semana da assembleia, convocada pelo papa Francisco. Tamb\u00e9m servir\u00e1 para aprofundar a reflex\u00e3o entre cat\u00f3licos de todo o mundo antes de um segundo e definitivo s\u00ednodo no ano que vem.<\/p>\n<p style=\"text-align: justify;\">&#8220;Os homossexuais t\u00eam dons e qualidades a oferecer \u00e0 comunidade crist\u00e3: seremos capazes de acolher essas pessoas, garantindo a elas um espa\u00e7o maior em nossas comunidades? Muitas vezes elas desejam encontrar uma igreja que ofere\u00e7a um lar acolhedor\u201d, afirma o documento, conhecido pelo nome latino de \u201crelatio\u201d.<\/p>\n<p style=\"text-align: justify;\">\u201cSer\u00e3o nossas comunidades capazes de proporcionar isso, aceitando e valorizando sua orienta\u00e7\u00e3o sexual, sem fazer concess\u00f5es na doutrina cat\u00f3lica sobre fam\u00edlia e matrim\u00f4nio?\u201d, indagou.<\/p>\n<p style=\"text-align: justify;\">John Thavis, vaticanista e autor do bem-sucedido livro \u201cOs Di\u00e1rios do Vaticano\u201d, classificou o comunicado como \u201cum terremoto\u201d na atitude da Igreja em rela\u00e7\u00e3o aos gays.<\/p>\n<p style=\"text-align: justify;\">\u201cO documento reflete claramente o desejo do papa Francisco de adotar uma abordagem pastoral mais clemente no tocante ao casamento e aos temas da fam\u00edlia\u201d, disse.<\/p>\n<p style=\"text-align: justify;\">V\u00e1rios participantes na reuni\u00e3o a portas fechadas afirmaram que a Igreja deveria amenizar sua linguagem condenat\u00f3ria em refer\u00eancia aos casais gays e evitar frases como \u201cintrinsecamente desordenados\u201d ao falar sobre os homossexuais.<\/p>\n<p style=\"text-align: justify;\">Essa foi a frase usada pelo ex-papa Bento 16 em um documento escrito antes de sua elei\u00e7\u00e3o, quando ainda era o cardeal Joseph Ratzinger e chefe da Congrega\u00e7\u00e3o para a Doutrina da F\u00e9.<\/p>\n<p style=\"text-align: justify;\"><em>Com informa\u00e7\u00f5es da Reuters<\/em><\/p>\n<p style=\"text-align: justify;\"><strong>Siga o SE Not\u00edcias pelo <a href=\"https:\/\/twitter.com\/Senoticias\" target=\"_blank\">Twitter<\/a> e curta pelo <a href=\"https:\/\/www.facebook.com\/PortalSENoticias\" target=\"_blank\">Facebook<\/a><\/strong><\/p>\n","protected":false},"excerpt":{"rendered":"<p>Numa grande mudan\u00e7a de tom, um documento do Vaticano declarou nesta segunda-feira (13) que os homossexuais t\u00eam \u201cdons e qualidades a oferecer\u201d e indagou se o catolicismo pode aceitar os gays e reconhecer aspectos positivos de casais do mesmo sexo. O documento, preparado ap\u00f3s uma semana de discuss\u00f5es sobre temas relacionados \u00e0 fam\u00edlia no s\u00ednodo [&hellip;]<\/p>\n","protected":false},"author":1,"featured_media":71183,"comment_status":"closed","ping_status":"closed","sticky":false,"template":"","format":"standard","meta":{"footnotes":""},"categories":[46],"tags":[],"class_list":{"0":"post-71182","1":"post","2":"type-post","3":"status-publish","4":"format-standard","5":"has-post-thumbnail","7":"category-religiao"},"_links":{"self":[{"href":"https:\/\/senoticias.com.br\/se\/wp-json\/wp\/v2\/posts\/71182"}],"collection":[{"href":"https:\/\/senoticias.com.br\/se\/wp-json\/wp\/v2\/posts"}],"about":[{"href":"https:\/\/senoticias.com.br\/se\/wp-json\/wp\/v2\/types\/post"}],"author":[{"embeddable":true,"href":"https:\/\/senoticias.com.br\/se\/wp-json\/wp\/v2\/users\/1"}],"replies":[{"embeddable":true,"href":"https:\/\/senoticias.com.br\/se\/wp-json\/wp\/v2\/comments?post=71182"}],"version-history":[{"count":0,"href":"https:\/\/senoticias.com.br\/se\/wp-json\/wp\/v2\/posts\/71182\/revisions"}],"wp:featuredmedia":[{"embeddable":true,"href":"https:\/\/senoticias.com.br\/se\/wp-json\/wp\/v2\/media\/71183"}],"wp:attachment":[{"href":"https:\/\/senoticias.com.br\/se\/wp-json\/wp\/v2\/media?parent=71182"}],"wp:term":[{"taxonomy":"category","embeddable":true,"href":"https:\/\/senoticias.com.br\/se\/wp-json\/wp\/v2\/categories?post=71182"},{"taxonomy":"post_tag","embeddable":true,"href":"https:\/\/senoticias.com.br\/se\/wp-json\/wp\/v2\/tags?post=71182"}],"curies":[{"name":"wp","href":"https:\/\/api.w.org\/{rel}","templated":true}]}}