{"id":71180,"date":"2014-10-13T16:32:17","date_gmt":"2014-10-13T19:32:17","guid":{"rendered":"http:\/\/senoticias.com.br\/se\/?p=71180"},"modified":"2014-10-13T16:33:11","modified_gmt":"2014-10-13T19:33:11","slug":"preco-medio-da-gasolina-vendida-em-sergipe-aumentou-223-em-setembro","status":"publish","type":"post","link":"https:\/\/senoticias.com.br\/se\/preco-medio-da-gasolina-vendida-em-sergipe-aumentou-223-em-setembro\/","title":{"rendered":"Pre\u00e7o m\u00e9dio da gasolina vendida em Sergipe aumentou 2,23% em setembro"},"content":{"rendered":"<div id=\"attachment_43706\" style=\"width: 310px\" class=\"wp-caption alignright\"><a href=\"http:\/\/senoticias.com.br\/se\/wp-content\/uploads\/2013\/01\/size_590_gasolina.jpg\"><img loading=\"lazy\" decoding=\"async\" aria-describedby=\"caption-attachment-43706\" class=\"size-medium wp-image-43706\" alt=\"Em rela\u00e7\u00e3o a agosto desse ano, o pre\u00e7o m\u00e9dio manteve-se, praticamente, igual.(Foto: Marcos Santos\/USP Imagens)\" src=\"http:\/\/senoticias.com.br\/se\/wp-content\/uploads\/2013\/01\/size_590_gasolina-300x225.jpg\" width=\"300\" height=\"225\" srcset=\"https:\/\/senoticias.com.br\/se\/wp-content\/uploads\/2013\/01\/size_590_gasolina-300x225.jpg 300w, https:\/\/senoticias.com.br\/se\/wp-content\/uploads\/2013\/01\/size_590_gasolina-342x256.jpg 342w, https:\/\/senoticias.com.br\/se\/wp-content\/uploads\/2013\/01\/size_590_gasolina-60x45.jpg 60w, https:\/\/senoticias.com.br\/se\/wp-content\/uploads\/2013\/01\/size_590_gasolina-150x113.jpg 150w, https:\/\/senoticias.com.br\/se\/wp-content\/uploads\/2013\/01\/size_590_gasolina-269x201.jpg 269w, https:\/\/senoticias.com.br\/se\/wp-content\/uploads\/2013\/01\/size_590_gasolina.jpg 590w\" sizes=\"(max-width: 300px) 100vw, 300px\" \/><\/a><p id=\"caption-attachment-43706\" class=\"wp-caption-text\">Em rela\u00e7\u00e3o a agosto desse ano, o pre\u00e7o m\u00e9dio manteve-se, praticamente, igual.(Foto: Marcos Santos\/USP Imagens)<\/p><\/div>\n<p style=\"text-align: justify;\">An\u00e1lise realizada pelo Boletim Sergipe Econ\u00f4mico, parceria do N\u00facleo de Informa\u00e7\u00f5es Econ\u00f4micas da Federa\u00e7\u00e3o das Ind\u00fastrias do Estado de Sergipe (FIES) e do Departamento de Economia da UFS, com base nos dados da ANP, apontou que o pre\u00e7o m\u00e9dio da gasolina vendida no estado, em setembro desse ano, aumentou 2,23% na compara\u00e7\u00e3o com setembro do ano passado. O valor m\u00e9dio vendido pelo litro do combust\u00edvel ficou em R$ 2,935 no m\u00eas analisado, enquanto no nono m\u00eas de 2013 havia sido R$ 2,871. Em rela\u00e7\u00e3o a agosto desse ano, o pre\u00e7o m\u00e9dio manteve-se, praticamente, igual.<\/p>\n<p style=\"text-align: justify;\">Para o etanol hidratado, houve avan\u00e7o do pre\u00e7o m\u00e9dio no comparativo anual (setembro\/2013), com alta de 0,52%. O pre\u00e7o m\u00e9dio do litro praticado no m\u00eas analisado foi de R$ 2,518 que, em rela\u00e7\u00e3o ao m\u00eas imediatamente anterior (agosto\/2014), apresentou decl\u00ednio de 0,12%.<\/p>\n<p style=\"text-align: justify;\">O valor pelo litro do \u00f3leo diesel tamb\u00e9m aumentou na an\u00e1lise anual, estando 3,77% acima do valor praticado em setembro de 2013. O pre\u00e7o m\u00e9dio do \u00f3leo diesel, no m\u00eas analisado, foi R$ 2,449, por litro, apresentando recuo de 0,45% em rela\u00e7\u00e3o ao m\u00eas anterior.<\/p>\n<p style=\"text-align: justify;\">O GNV foi o \u00fanico dentre os combust\u00edveis que registrou retra\u00e7\u00e3o em rela\u00e7\u00e3o h\u00e1 um ano. O pre\u00e7o m\u00e9dio de venda foi de R$ 1,878, por metro c\u00fabico, com recuo de 1,0% sobre setembro de 2013. No comparativo mensal, houve leve alta de 0,64% no pre\u00e7o m\u00e9dio cobrado pelo GNV em Sergipe.<\/p>\n<p style=\"text-align: justify;\"><em>Fonte: Assessoria<\/em><\/p>\n<p style=\"text-align: justify;\"><strong>Siga o SE Not\u00edcias pelo <a href=\"https:\/\/twitter.com\/Senoticias\" target=\"_blank\">Twitter<\/a> e curta pelo <a href=\"https:\/\/www.facebook.com\/PortalSENoticias\" target=\"_blank\">Facebook<\/a><\/strong><\/p>\n","protected":false},"excerpt":{"rendered":"<p>An\u00e1lise realizada pelo Boletim Sergipe Econ\u00f4mico, parceria do N\u00facleo de Informa\u00e7\u00f5es Econ\u00f4micas da Federa\u00e7\u00e3o das Ind\u00fastrias do Estado de Sergipe (FIES) e do Departamento de Economia da UFS, com base nos dados da ANP, apontou que o pre\u00e7o m\u00e9dio da gasolina vendida no estado, em setembro desse ano, aumentou 2,23% na compara\u00e7\u00e3o com setembro do [&hellip;]<\/p>\n","protected":false},"author":1,"featured_media":43706,"comment_status":"closed","ping_status":"closed","sticky":false,"template":"","format":"standard","meta":{"footnotes":""},"categories":[38],"tags":[],"class_list":{"0":"post-71180","1":"post","2":"type-post","3":"status-publish","4":"format-standard","5":"has-post-thumbnail","7":"category-municipios"},"_links":{"self":[{"href":"https:\/\/senoticias.com.br\/se\/wp-json\/wp\/v2\/posts\/71180"}],"collection":[{"href":"https:\/\/senoticias.com.br\/se\/wp-json\/wp\/v2\/posts"}],"about":[{"href":"https:\/\/senoticias.com.br\/se\/wp-json\/wp\/v2\/types\/post"}],"author":[{"embeddable":true,"href":"https:\/\/senoticias.com.br\/se\/wp-json\/wp\/v2\/users\/1"}],"replies":[{"embeddable":true,"href":"https:\/\/senoticias.com.br\/se\/wp-json\/wp\/v2\/comments?post=71180"}],"version-history":[{"count":0,"href":"https:\/\/senoticias.com.br\/se\/wp-json\/wp\/v2\/posts\/71180\/revisions"}],"wp:featuredmedia":[{"embeddable":true,"href":"https:\/\/senoticias.com.br\/se\/wp-json\/wp\/v2\/media\/43706"}],"wp:attachment":[{"href":"https:\/\/senoticias.com.br\/se\/wp-json\/wp\/v2\/media?parent=71180"}],"wp:term":[{"taxonomy":"category","embeddable":true,"href":"https:\/\/senoticias.com.br\/se\/wp-json\/wp\/v2\/categories?post=71180"},{"taxonomy":"post_tag","embeddable":true,"href":"https:\/\/senoticias.com.br\/se\/wp-json\/wp\/v2\/tags?post=71180"}],"curies":[{"name":"wp","href":"https:\/\/api.w.org\/{rel}","templated":true}]}}