{"id":71177,"date":"2014-10-13T16:26:34","date_gmt":"2014-10-13T19:26:34","guid":{"rendered":"http:\/\/senoticias.com.br\/se\/?p=71177"},"modified":"2014-10-13T16:26:34","modified_gmt":"2014-10-13T19:26:34","slug":"esteiras-de-bagagens-nos-aeroportos-poderao-ter-monitoramento-por-video","status":"publish","type":"post","link":"https:\/\/senoticias.com.br\/se\/esteiras-de-bagagens-nos-aeroportos-poderao-ter-monitoramento-por-video\/","title":{"rendered":"Esteiras de bagagens nos aeroportos poder\u00e3o ter monitoramento por v\u00eddeo"},"content":{"rendered":"<div id=\"attachment_71178\" style=\"width: 310px\" class=\"wp-caption alignright\"><a href=\"http:\/\/senoticias.com.br\/se\/wp-content\/uploads\/2014\/10\/1310201411610.jpg\"><img loading=\"lazy\" decoding=\"async\" aria-describedby=\"caption-attachment-71178\" class=\"size-medium wp-image-71178\" alt=\"Foto: Reprodu\u00e7\u00e3o \" src=\"http:\/\/senoticias.com.br\/se\/wp-content\/uploads\/2014\/10\/1310201411610-300x198.jpg\" width=\"300\" height=\"198\" srcset=\"https:\/\/senoticias.com.br\/se\/wp-content\/uploads\/2014\/10\/1310201411610-300x198.jpg 300w, https:\/\/senoticias.com.br\/se\/wp-content\/uploads\/2014\/10\/1310201411610-342x226.jpg 342w, https:\/\/senoticias.com.br\/se\/wp-content\/uploads\/2014\/10\/1310201411610.jpg 640w\" sizes=\"(max-width: 300px) 100vw, 300px\" \/><\/a><p id=\"caption-attachment-71178\" class=\"wp-caption-text\">Foto: Reprodu\u00e7\u00e3o<\/p><\/div>\n<p style=\"text-align: justify;\">O monitoramento das esteiras de bagagem dos aeroportos por c\u00e2meras de v\u00eddeo poder\u00e1 ser um trunfo do consumidor nas reclama\u00e7\u00f5es por furto, extravio ou dano em suas malas. A Comiss\u00e3o de Constitui\u00e7\u00e3o, Justi\u00e7a e Cidadania (CCJ) pode votar o projeto de lei (PLS 46\/2013) da senadora Vanessa Grazziotin (PCdoB-AM) que insere esse sistema de seguran\u00e7a entre as facilidades a serem oferecidas pelos aeroportos.<\/p>\n<p style=\"text-align: justify;\">De acordo com a proposta, o processo de coloca\u00e7\u00e3o das bagagens nas esteiras dever\u00e1 ser filmado e as imagens, exibidas em tempo real para os passageiros que aguardam suas malas. Determina ainda a grava\u00e7\u00e3o das imagens, que ficar\u00e3o \u00e0 disposi\u00e7\u00e3o no aeroporto de destino pelo prazo de 30 dias, contado da data do desembarque.<\/p>\n<p style=\"text-align: justify;\">\u201cCom uma frequ\u00eancia bem maior do que seria aceit\u00e1vel, observa-se que ocorrem problemas nessa opera\u00e7\u00e3o, cuja responsabilidade \u00e9 das companhias a\u00e9reas. \u00c9 direito dos usu\u00e1rios que os pertences despachados sejam manuseados adequadamente e com o devido cuidado pelo pessoal encarregado\u201d, afirma Vanessa Grazziotin na justifica\u00e7\u00e3o do projeto.<\/p>\n<p style=\"text-align: justify;\">Ao recomendar a aprova\u00e7\u00e3o do projeto, o relator, senador Paulo Paim (PT-RS), considerou que a medida aprimora o C\u00f3digo Brasileiro de Aeron\u00e1utica (Lei 7.565\/1986). E revelou que queixas sobre bagagens s\u00e3o recorrentes entre as registradas nosite da Ag\u00eancia Nacional de Avia\u00e7\u00e3o Civil (Anac).<\/p>\n<p style=\"text-align: justify;\">\u201cExtravio, viola\u00e7\u00e3o, danos ou entrega com atraso s\u00e3o ocorr\u00eancias relacionadas \u00e0 bagagem que podem ocasionar graves problemas para os passageiros, motivo pelo qual devem receber a justa repara\u00e7\u00e3o por danos eventualmente causados pela transportadora.\u201d, observa Paim no parecer.<\/p>\n<p style=\"text-align: justify;\">Como ter\u00e1 vota\u00e7\u00e3o final na CCJ, o PLS 46\/2013 poder\u00e1 seguir direto para a C\u00e2mara dos Deputados se n\u00e3o houver recurso para vota\u00e7\u00e3o pelo Plen\u00e1rio do Senado.<\/p>\n<p style=\"text-align: justify;\"><em>Fonte: Ag\u00eancia Senado<\/em><\/p>\n<p style=\"text-align: justify;\"><strong>Siga o SE Not\u00edcias pelo <a href=\"https:\/\/twitter.com\/Senoticias\" target=\"_blank\">Twitter<\/a> e curta no <a href=\"https:\/\/www.facebook.com\/PortalSENoticias\" target=\"_blank\">Facebook<\/a><\/strong><\/p>\n","protected":false},"excerpt":{"rendered":"<p>O monitoramento das esteiras de bagagem dos aeroportos por c\u00e2meras de v\u00eddeo poder\u00e1 ser um trunfo do consumidor nas reclama\u00e7\u00f5es por furto, extravio ou dano em suas malas. A Comiss\u00e3o de Constitui\u00e7\u00e3o, Justi\u00e7a e Cidadania (CCJ) pode votar o projeto de lei (PLS 46\/2013) da senadora Vanessa Grazziotin (PCdoB-AM) que insere esse sistema de seguran\u00e7a [&hellip;]<\/p>\n","protected":false},"author":1,"featured_media":71178,"comment_status":"closed","ping_status":"closed","sticky":false,"template":"","format":"standard","meta":{"footnotes":""},"categories":[1],"tags":[],"class_list":{"0":"post-71177","1":"post","2":"type-post","3":"status-publish","4":"format-standard","5":"has-post-thumbnail","7":"category-sem-categoria"},"_links":{"self":[{"href":"https:\/\/senoticias.com.br\/se\/wp-json\/wp\/v2\/posts\/71177"}],"collection":[{"href":"https:\/\/senoticias.com.br\/se\/wp-json\/wp\/v2\/posts"}],"about":[{"href":"https:\/\/senoticias.com.br\/se\/wp-json\/wp\/v2\/types\/post"}],"author":[{"embeddable":true,"href":"https:\/\/senoticias.com.br\/se\/wp-json\/wp\/v2\/users\/1"}],"replies":[{"embeddable":true,"href":"https:\/\/senoticias.com.br\/se\/wp-json\/wp\/v2\/comments?post=71177"}],"version-history":[{"count":0,"href":"https:\/\/senoticias.com.br\/se\/wp-json\/wp\/v2\/posts\/71177\/revisions"}],"wp:featuredmedia":[{"embeddable":true,"href":"https:\/\/senoticias.com.br\/se\/wp-json\/wp\/v2\/media\/71178"}],"wp:attachment":[{"href":"https:\/\/senoticias.com.br\/se\/wp-json\/wp\/v2\/media?parent=71177"}],"wp:term":[{"taxonomy":"category","embeddable":true,"href":"https:\/\/senoticias.com.br\/se\/wp-json\/wp\/v2\/categories?post=71177"},{"taxonomy":"post_tag","embeddable":true,"href":"https:\/\/senoticias.com.br\/se\/wp-json\/wp\/v2\/tags?post=71177"}],"curies":[{"name":"wp","href":"https:\/\/api.w.org\/{rel}","templated":true}]}}