{"id":71174,"date":"2014-10-13T16:19:44","date_gmt":"2014-10-13T19:19:44","guid":{"rendered":"http:\/\/senoticias.com.br\/se\/?p=71174"},"modified":"2014-10-14T16:32:45","modified_gmt":"2014-10-14T19:32:45","slug":"cantor-ivaldo-maceio-e-esposa-sofrem-acidente-de-transito","status":"publish","type":"post","link":"https:\/\/senoticias.com.br\/se\/cantor-ivaldo-maceio-e-esposa-sofrem-acidente-de-transito\/","title":{"rendered":"Cantor Ivaldo Macei\u00f3 e esposa sofrem acidente de tr\u00e2nsito"},"content":{"rendered":"<div id=\"attachment_71175\" style=\"width: 310px\" class=\"wp-caption alignright\"><a href=\"http:\/\/senoticias.com.br\/se\/wp-content\/uploads\/2014\/10\/e39fdb86e3010579f5b93fdacafaa41d.jpg\"><img loading=\"lazy\" decoding=\"async\" aria-describedby=\"caption-attachment-71175\" class=\"size-medium wp-image-71175\" alt=\"O forrozeiro andava de quadriciclo quando perdeu o controle do ve\u00edculo. (Divulga\u00e7\u00e3o\/Aqui Acontece)\" src=\"http:\/\/senoticias.com.br\/se\/wp-content\/uploads\/2014\/10\/e39fdb86e3010579f5b93fdacafaa41d-300x255.jpg\" width=\"300\" height=\"255\" srcset=\"https:\/\/senoticias.com.br\/se\/wp-content\/uploads\/2014\/10\/e39fdb86e3010579f5b93fdacafaa41d-300x255.jpg 300w, https:\/\/senoticias.com.br\/se\/wp-content\/uploads\/2014\/10\/e39fdb86e3010579f5b93fdacafaa41d-342x290.jpg 342w, https:\/\/senoticias.com.br\/se\/wp-content\/uploads\/2014\/10\/e39fdb86e3010579f5b93fdacafaa41d-234x200.jpg 234w, https:\/\/senoticias.com.br\/se\/wp-content\/uploads\/2014\/10\/e39fdb86e3010579f5b93fdacafaa41d.jpg 500w\" sizes=\"(max-width: 300px) 100vw, 300px\" \/><\/a><p id=\"caption-attachment-71175\" class=\"wp-caption-text\">O forrozeiro andava de quadriciclo quando perdeu o controle do ve\u00edculo. (Divulga\u00e7\u00e3o\/Aqui Acontece)<\/p><\/div>\n<p style=\"text-align: justify;\">O cantor Ivaldo Macei\u00f3 sofreu um acidente no final da tarde deste domingo, 12, em uma estrada que d\u00e1 acesso ao munic\u00edpio de Feira Grande, localizado a 166 km da capital Macei\u00f3. O forrozeiro andava de quadriciclo quando perdeu o controle do ve\u00edculo.<\/p>\n<p style=\"text-align: justify;\">Ivaldo estava acompanhado da esposa. Eles seguiam para uma ch\u00e1cara que o cantor possui em Feira Grande. O casal foi socorrido por uma equipe do Servi\u00e7o de Atendimento M\u00f3vel de Urg\u00eancia (SAMU) e encaminhado para a Unidade de Emerg\u00eancia do Agreste, em Arapiraca.<\/p>\n<p style=\"text-align: justify;\">O cantor reclamava de dores na regi\u00e3o dos ombros. Havia a suspeita de uma fratura na clav\u00edcula. J\u00e1 a esposa de Ivaldo Macei\u00f3 sofreu v\u00e1rias escoria\u00e7\u00f5es pelo corpo, mas nada grave. Ambos foram submetidos a exames e ap\u00f3s ficarem algumas horas em observa\u00e7\u00e3o no hospital, foram liberados.<\/p>\n<p style=\"text-align: justify;\">O cantor n\u00e3o informou o que teria provocado o acidente.<\/p>\n<p><strong>Siga o SE Not\u00edcias pelo <a href=\" https:\/\/twitter.com\/Senoticias\" target=\"_blank\">Twitter<\/a> e curta pelo <a href=\" https:\/\/www.facebook.com\/PortalSENoticias\" target=\"_blank\">Facebook<\/a><\/strong><\/p>\n<p style=\"text-align: justify;\"><strong><em>por Reda\u00e7\u00e3o, Aqui Acontece<\/em><\/strong><\/p>\n","protected":false},"excerpt":{"rendered":"<p>O cantor Ivaldo Macei\u00f3 sofreu um acidente no final da tarde deste domingo, 12, em uma estrada que d\u00e1 acesso ao munic\u00edpio de Feira Grande, localizado a 166 km da capital Macei\u00f3. O forrozeiro andava de quadriciclo quando perdeu o controle do ve\u00edculo. Ivaldo estava acompanhado da esposa. Eles seguiam para uma ch\u00e1cara que o [&hellip;]<\/p>\n","protected":false},"author":1,"featured_media":71175,"comment_status":"closed","ping_status":"closed","sticky":false,"template":"","format":"standard","meta":{"footnotes":""},"categories":[310,38],"tags":[],"class_list":{"0":"post-71174","1":"post","2":"type-post","3":"status-publish","4":"format-standard","5":"has-post-thumbnail","7":"category-destaques-da-semana","8":"category-municipios"},"_links":{"self":[{"href":"https:\/\/senoticias.com.br\/se\/wp-json\/wp\/v2\/posts\/71174"}],"collection":[{"href":"https:\/\/senoticias.com.br\/se\/wp-json\/wp\/v2\/posts"}],"about":[{"href":"https:\/\/senoticias.com.br\/se\/wp-json\/wp\/v2\/types\/post"}],"author":[{"embeddable":true,"href":"https:\/\/senoticias.com.br\/se\/wp-json\/wp\/v2\/users\/1"}],"replies":[{"embeddable":true,"href":"https:\/\/senoticias.com.br\/se\/wp-json\/wp\/v2\/comments?post=71174"}],"version-history":[{"count":0,"href":"https:\/\/senoticias.com.br\/se\/wp-json\/wp\/v2\/posts\/71174\/revisions"}],"wp:featuredmedia":[{"embeddable":true,"href":"https:\/\/senoticias.com.br\/se\/wp-json\/wp\/v2\/media\/71175"}],"wp:attachment":[{"href":"https:\/\/senoticias.com.br\/se\/wp-json\/wp\/v2\/media?parent=71174"}],"wp:term":[{"taxonomy":"category","embeddable":true,"href":"https:\/\/senoticias.com.br\/se\/wp-json\/wp\/v2\/categories?post=71174"},{"taxonomy":"post_tag","embeddable":true,"href":"https:\/\/senoticias.com.br\/se\/wp-json\/wp\/v2\/tags?post=71174"}],"curies":[{"name":"wp","href":"https:\/\/api.w.org\/{rel}","templated":true}]}}