{"id":71170,"date":"2014-10-13T12:43:44","date_gmt":"2014-10-13T15:43:44","guid":{"rendered":"http:\/\/senoticias.com.br\/se\/?p=71170"},"modified":"2014-10-13T12:43:44","modified_gmt":"2014-10-13T15:43:44","slug":"agencia-dos-correios-e-assaltada-no-municipio-de-carira","status":"publish","type":"post","link":"https:\/\/senoticias.com.br\/se\/agencia-dos-correios-e-assaltada-no-municipio-de-carira\/","title":{"rendered":"Ag\u00eancia dos Correios \u00e9 assaltada no munic\u00edpio de Carira"},"content":{"rendered":"<div id=\"attachment_71171\" style=\"width: 310px\" class=\"wp-caption alignright\"><a href=\"http:\/\/senoticias.com.br\/se\/wp-content\/uploads\/2014\/10\/dd5ce40f9b1d8d763bb567c94bcf39d4_g.jpg\"><img loading=\"lazy\" decoding=\"async\" aria-describedby=\"caption-attachment-71171\" class=\"size-medium wp-image-71171\" alt=\"Foto: Reprodu\u00e7\u00e3o \" src=\"http:\/\/senoticias.com.br\/se\/wp-content\/uploads\/2014\/10\/dd5ce40f9b1d8d763bb567c94bcf39d4_g-300x225.jpg\" width=\"300\" height=\"225\" srcset=\"https:\/\/senoticias.com.br\/se\/wp-content\/uploads\/2014\/10\/dd5ce40f9b1d8d763bb567c94bcf39d4_g-300x225.jpg 300w, https:\/\/senoticias.com.br\/se\/wp-content\/uploads\/2014\/10\/dd5ce40f9b1d8d763bb567c94bcf39d4_g-342x256.jpg 342w, https:\/\/senoticias.com.br\/se\/wp-content\/uploads\/2014\/10\/dd5ce40f9b1d8d763bb567c94bcf39d4_g-60x45.jpg 60w, https:\/\/senoticias.com.br\/se\/wp-content\/uploads\/2014\/10\/dd5ce40f9b1d8d763bb567c94bcf39d4_g-150x113.jpg 150w, https:\/\/senoticias.com.br\/se\/wp-content\/uploads\/2014\/10\/dd5ce40f9b1d8d763bb567c94bcf39d4_g-269x201.jpg 269w, https:\/\/senoticias.com.br\/se\/wp-content\/uploads\/2014\/10\/dd5ce40f9b1d8d763bb567c94bcf39d4_g.jpg 640w\" sizes=\"(max-width: 300px) 100vw, 300px\" \/><\/a><p id=\"caption-attachment-71171\" class=\"wp-caption-text\">Foto: Reprodu\u00e7\u00e3o<\/p><\/div>\n<p style=\"text-align: justify;\">Por volta das 8h30mim desta segunda-feira (13\/10) dois elementos de posse de armas de fogo assaltaram a Agencia dos Correios no munic\u00edpio de Carira, situado a 112 km de Aracaju, e levaram toda a renda do \u00f3rg\u00e3o.<\/p>\n<p style=\"text-align: justify;\">Segundo informa\u00e7\u00f5es de testemunhas, a dupla chegou ao local usando chap\u00e9us e \u00f3culos escuros. Na porta eles anunciaram o assalto e renderam o vigilante, tomando a arma e o colete, e em seguida entraram na ag\u00eancia e roubaram todo o dinheiro.<\/p>\n<p style=\"text-align: justify;\">Ainda de acordo com moradores, em decorr\u00eancia da feira livre que \u00e9 realizada as segundas-feiras, a frente dos Correios fica impossibilitada para estacionamento de ve\u00edculos em raz\u00e3o da presen\u00e7a de bancas da feira, e com isso eles teriam chegado em uma motocicleta que ficou estacionado ao lado.<\/p>\n<p style=\"text-align: justify;\">O valor levado no assalto ainda n\u00e3o foi divulgado pelos Correios. O caso est\u00e1 sendo investigado pela Pol\u00edcia Federal.<\/p>\n<p style=\"text-align: justify;\"><em>Com informa\u00e7\u00f5es da reda\u00e7\u00e3o Itnet.<\/em><\/p>\n<p style=\"text-align: justify;\"><strong>Siga o SE Not\u00edcias pelo <a href=\"https:\/\/twitter.com\/Senoticias\" target=\"_blank\">Twitter <\/a>e curta no <a href=\"https:\/\/www.facebook.com\/PortalSENoticias\" target=\"_blank\">Facebook<\/a><\/strong><\/p>\n","protected":false},"excerpt":{"rendered":"<p>Por volta das 8h30mim desta segunda-feira (13\/10) dois elementos de posse de armas de fogo assaltaram a Agencia dos Correios no munic\u00edpio de Carira, situado a 112 km de Aracaju, e levaram toda a renda do \u00f3rg\u00e3o. Segundo informa\u00e7\u00f5es de testemunhas, a dupla chegou ao local usando chap\u00e9us e \u00f3culos escuros. Na porta eles anunciaram [&hellip;]<\/p>\n","protected":false},"author":1,"featured_media":71171,"comment_status":"closed","ping_status":"closed","sticky":false,"template":"","format":"standard","meta":{"footnotes":""},"categories":[7],"tags":[],"class_list":{"0":"post-71170","1":"post","2":"type-post","3":"status-publish","4":"format-standard","5":"has-post-thumbnail","7":"category-policia"},"_links":{"self":[{"href":"https:\/\/senoticias.com.br\/se\/wp-json\/wp\/v2\/posts\/71170"}],"collection":[{"href":"https:\/\/senoticias.com.br\/se\/wp-json\/wp\/v2\/posts"}],"about":[{"href":"https:\/\/senoticias.com.br\/se\/wp-json\/wp\/v2\/types\/post"}],"author":[{"embeddable":true,"href":"https:\/\/senoticias.com.br\/se\/wp-json\/wp\/v2\/users\/1"}],"replies":[{"embeddable":true,"href":"https:\/\/senoticias.com.br\/se\/wp-json\/wp\/v2\/comments?post=71170"}],"version-history":[{"count":0,"href":"https:\/\/senoticias.com.br\/se\/wp-json\/wp\/v2\/posts\/71170\/revisions"}],"wp:featuredmedia":[{"embeddable":true,"href":"https:\/\/senoticias.com.br\/se\/wp-json\/wp\/v2\/media\/71171"}],"wp:attachment":[{"href":"https:\/\/senoticias.com.br\/se\/wp-json\/wp\/v2\/media?parent=71170"}],"wp:term":[{"taxonomy":"category","embeddable":true,"href":"https:\/\/senoticias.com.br\/se\/wp-json\/wp\/v2\/categories?post=71170"},{"taxonomy":"post_tag","embeddable":true,"href":"https:\/\/senoticias.com.br\/se\/wp-json\/wp\/v2\/tags?post=71170"}],"curies":[{"name":"wp","href":"https:\/\/api.w.org\/{rel}","templated":true}]}}