{"id":71168,"date":"2014-10-13T12:35:32","date_gmt":"2014-10-13T15:35:32","guid":{"rendered":"http:\/\/senoticias.com.br\/se\/?p=71168"},"modified":"2014-10-13T12:36:57","modified_gmt":"2014-10-13T15:36:57","slug":"quatro-homens-morrem-em-acidentes-de-transito-em-sergipe","status":"publish","type":"post","link":"https:\/\/senoticias.com.br\/se\/quatro-homens-morrem-em-acidentes-de-transito-em-sergipe\/","title":{"rendered":"Quatro homens morrem em acidentes de tr\u00e2nsito em Sergipe"},"content":{"rendered":"<div id=\"attachment_49681\" style=\"width: 310px\" class=\"wp-caption alignright\"><a href=\"http:\/\/senoticias.com.br\/se\/wp-content\/uploads\/2013\/06\/iml.jpg\"><img loading=\"lazy\" decoding=\"async\" aria-describedby=\"caption-attachment-49681\" class=\"size-medium wp-image-49681\" alt=\"Dois assassinatos foram registrados nas \u00faltimas 24h. (Foto: Reprodu\u00e7\u00e3o)\" src=\"http:\/\/senoticias.com.br\/se\/wp-content\/uploads\/2013\/06\/iml-300x225.jpg\" width=\"300\" height=\"225\" srcset=\"https:\/\/senoticias.com.br\/se\/wp-content\/uploads\/2013\/06\/iml-300x225.jpg 300w, https:\/\/senoticias.com.br\/se\/wp-content\/uploads\/2013\/06\/iml-342x256.jpg 342w, https:\/\/senoticias.com.br\/se\/wp-content\/uploads\/2013\/06\/iml-60x45.jpg 60w, https:\/\/senoticias.com.br\/se\/wp-content\/uploads\/2013\/06\/iml-150x113.jpg 150w, https:\/\/senoticias.com.br\/se\/wp-content\/uploads\/2013\/06\/iml-269x201.jpg 269w, https:\/\/senoticias.com.br\/se\/wp-content\/uploads\/2013\/06\/iml.jpg 346w\" sizes=\"(max-width: 300px) 100vw, 300px\" \/><\/a><p id=\"caption-attachment-49681\" class=\"wp-caption-text\">Dois assassinatos foram registrados nas \u00faltimas 24h.<br \/>(Foto: Reprodu\u00e7\u00e3o)<\/p><\/div>\n<p style=\"text-align: justify;\">O Instituto M\u00e9dico Legal de Sergipe (IML) registrou seis corpos nas \u00faltimas 24 horas. Quatro deles foram de v\u00edtimas de acidente de tr\u00e2nsito e dois de homic\u00eddios.<\/p>\n<p style=\"text-align: justify;\">Um acidente de tr\u00e2nsito foi registrado por volta das 18h30 do domingo (12) em Laranjeiras e uma pessoa morreu. Na madrugada desta segunda-feira (13) um homem de 32 anos morreu em um acidende com moto registrado no Povoado Sap\u00e9, na Rodovia SE 240. Ele sofreu muitos ferimentos e n\u00e3o resistiu.<\/p>\n<p style=\"text-align: justify;\">J\u00e1 nesta segunda-feira (13), um homem de 35 anos e uma mulher sem idade identificada foram v\u00edtimas de acidentes. O primeiro na Rua Barra dos Coqueiros, em Aracaju e o outro em Areia Branca, na regi\u00e3o da Grande Aracaju.<\/p>\n<p style=\"text-align: justify;\">Um corpo ainda sem identifica\u00e7\u00e3o foi v\u00edtima de arma de fogo no Povoado Ventoso, em Po\u00e7o Verde, a 145 km de Aracaju. Outro registro pelo mesmo motivo ocorreu pr\u00f3ximo a BR 235, por volta das 17h, no munic\u00edpio de Frei Paulo, em Sergipe.<\/p>\n<p style=\"text-align: justify;\"><em>Com informa\u00e7\u00f5es do G1SE<\/em><\/p>\n<p style=\"text-align: justify;\"><strong>Siga o SE Not\u00edcias pelo <a href=\"https:\/\/twitter.com\/Senoticias\" target=\"_blank\">Twitter <\/a>e curta no <a href=\"https:\/\/www.facebook.com\/PortalSENoticias\" target=\"_blank\">Facebook<\/a><\/strong><\/p>\n","protected":false},"excerpt":{"rendered":"<p>O Instituto M\u00e9dico Legal de Sergipe (IML) registrou seis corpos nas \u00faltimas 24 horas. Quatro deles foram de v\u00edtimas de acidente de tr\u00e2nsito e dois de homic\u00eddios. Um acidente de tr\u00e2nsito foi registrado por volta das 18h30 do domingo (12) em Laranjeiras e uma pessoa morreu. Na madrugada desta segunda-feira (13) um homem de 32 [&hellip;]<\/p>\n","protected":false},"author":1,"featured_media":49681,"comment_status":"closed","ping_status":"closed","sticky":false,"template":"","format":"standard","meta":{"footnotes":""},"categories":[7],"tags":[],"class_list":{"0":"post-71168","1":"post","2":"type-post","3":"status-publish","4":"format-standard","5":"has-post-thumbnail","7":"category-policia"},"_links":{"self":[{"href":"https:\/\/senoticias.com.br\/se\/wp-json\/wp\/v2\/posts\/71168"}],"collection":[{"href":"https:\/\/senoticias.com.br\/se\/wp-json\/wp\/v2\/posts"}],"about":[{"href":"https:\/\/senoticias.com.br\/se\/wp-json\/wp\/v2\/types\/post"}],"author":[{"embeddable":true,"href":"https:\/\/senoticias.com.br\/se\/wp-json\/wp\/v2\/users\/1"}],"replies":[{"embeddable":true,"href":"https:\/\/senoticias.com.br\/se\/wp-json\/wp\/v2\/comments?post=71168"}],"version-history":[{"count":0,"href":"https:\/\/senoticias.com.br\/se\/wp-json\/wp\/v2\/posts\/71168\/revisions"}],"wp:featuredmedia":[{"embeddable":true,"href":"https:\/\/senoticias.com.br\/se\/wp-json\/wp\/v2\/media\/49681"}],"wp:attachment":[{"href":"https:\/\/senoticias.com.br\/se\/wp-json\/wp\/v2\/media?parent=71168"}],"wp:term":[{"taxonomy":"category","embeddable":true,"href":"https:\/\/senoticias.com.br\/se\/wp-json\/wp\/v2\/categories?post=71168"},{"taxonomy":"post_tag","embeddable":true,"href":"https:\/\/senoticias.com.br\/se\/wp-json\/wp\/v2\/tags?post=71168"}],"curies":[{"name":"wp","href":"https:\/\/api.w.org\/{rel}","templated":true}]}}