{"id":71165,"date":"2014-10-13T12:27:54","date_gmt":"2014-10-13T15:27:54","guid":{"rendered":"http:\/\/senoticias.com.br\/se\/?p=71165"},"modified":"2014-10-13T12:27:54","modified_gmt":"2014-10-13T15:27:54","slug":"resultado-do-2o-exame-de-ebola-deve-ser-divulgado-hoje","status":"publish","type":"post","link":"https:\/\/senoticias.com.br\/se\/resultado-do-2o-exame-de-ebola-deve-ser-divulgado-hoje\/","title":{"rendered":"Resultado do 2\u00ba exame de ebola deve ser divulgado hoje"},"content":{"rendered":"<div id=\"attachment_71166\" style=\"width: 519px\" class=\"wp-caption aligncenter\"><a href=\"http:\/\/senoticias.com.br\/se\/wp-content\/uploads\/2014\/10\/ebola-4.jpg\"><img loading=\"lazy\" decoding=\"async\" aria-describedby=\"caption-attachment-71166\" class=\"size-full wp-image-71166\" alt=\"Suspeita s\u00f3 ser\u00e1 descartada ap\u00f3s segundo exame, diz ministro. (Foto Reprodu\u00e7\u00e3o) \" src=\"http:\/\/senoticias.com.br\/se\/wp-content\/uploads\/2014\/10\/ebola-4.jpg\" width=\"509\" height=\"388\" srcset=\"https:\/\/senoticias.com.br\/se\/wp-content\/uploads\/2014\/10\/ebola-4.jpg 509w, https:\/\/senoticias.com.br\/se\/wp-content\/uploads\/2014\/10\/ebola-4-300x228.jpg 300w, https:\/\/senoticias.com.br\/se\/wp-content\/uploads\/2014\/10\/ebola-4-342x260.jpg 342w, https:\/\/senoticias.com.br\/se\/wp-content\/uploads\/2014\/10\/ebola-4-60x45.jpg 60w, https:\/\/senoticias.com.br\/se\/wp-content\/uploads\/2014\/10\/ebola-4-150x113.jpg 150w\" sizes=\"(max-width: 509px) 100vw, 509px\" \/><\/a><p id=\"caption-attachment-71166\" class=\"wp-caption-text\">Suspeita s\u00f3 ser\u00e1 descartada ap\u00f3s segundo exame, diz ministro. (Foto Reprodu\u00e7\u00e3o)<\/p><\/div>\n<p style=\"text-align: justify;\">O resultado definitivo do exame que vai confirmar ou descartar o primeiro caso suspeito de ebola no Brasil deve ser divulgado hoje,13, pelo Minist\u00e9rio da Sa\u00fade. Ontem,12, foi colhida a segunda amostra de sangue do paciente. O material est\u00e1 sendo analisado no Instituto Evandro Chagas, em Bel\u00e9m, que pertence \u00e0 Secretaria de Vigil\u00e2ncia em Sa\u00fade, do Minist\u00e9rio da Sa\u00fade.<\/p>\n<p style=\"text-align: justify;\">O primeiro exame das amostras deu negativo para infec\u00e7\u00e3o pelo v\u00edrus. O resultado foi divulgado s\u00e1bado,11, pelo Minist\u00e9rio da Sa\u00fade.<\/p>\n<p style=\"text-align: justify;\">O caso do paciente com suspeita de infec\u00e7\u00e3o por ebola foi notificado em Cascavel (PR) na \u00faltima quinta-feira,9. Souleymane Bah, de 47 anos, veio da Guin\u00e9 para o Brasil, passando pelo Marrocos.<\/p>\n<p style=\"text-align: justify;\"><em>Fonte: Ag\u00eancia Brasil<\/em><\/p>\n<p style=\"text-align: justify;\"><strong>Siga o SE Not\u00edcias pelo <a href=\"https:\/\/twitter.com\/Senoticias\" target=\"_blank\">Twitter <\/a>e curta no <a href=\"https:\/\/www.facebook.com\/PortalSENoticias\" target=\"_blank\">Facebook<\/a><\/strong><\/p>\n","protected":false},"excerpt":{"rendered":"<p>O resultado definitivo do exame que vai confirmar ou descartar o primeiro caso suspeito de ebola no Brasil deve ser divulgado hoje,13, pelo Minist\u00e9rio da Sa\u00fade. Ontem,12, foi colhida a segunda amostra de sangue do paciente. O material est\u00e1 sendo analisado no Instituto Evandro Chagas, em Bel\u00e9m, que pertence \u00e0 Secretaria de Vigil\u00e2ncia em Sa\u00fade, [&hellip;]<\/p>\n","protected":false},"author":1,"featured_media":71166,"comment_status":"closed","ping_status":"closed","sticky":false,"template":"","format":"standard","meta":{"footnotes":""},"categories":[20],"tags":[],"class_list":{"0":"post-71165","1":"post","2":"type-post","3":"status-publish","4":"format-standard","5":"has-post-thumbnail","7":"category-saude"},"_links":{"self":[{"href":"https:\/\/senoticias.com.br\/se\/wp-json\/wp\/v2\/posts\/71165"}],"collection":[{"href":"https:\/\/senoticias.com.br\/se\/wp-json\/wp\/v2\/posts"}],"about":[{"href":"https:\/\/senoticias.com.br\/se\/wp-json\/wp\/v2\/types\/post"}],"author":[{"embeddable":true,"href":"https:\/\/senoticias.com.br\/se\/wp-json\/wp\/v2\/users\/1"}],"replies":[{"embeddable":true,"href":"https:\/\/senoticias.com.br\/se\/wp-json\/wp\/v2\/comments?post=71165"}],"version-history":[{"count":0,"href":"https:\/\/senoticias.com.br\/se\/wp-json\/wp\/v2\/posts\/71165\/revisions"}],"wp:featuredmedia":[{"embeddable":true,"href":"https:\/\/senoticias.com.br\/se\/wp-json\/wp\/v2\/media\/71166"}],"wp:attachment":[{"href":"https:\/\/senoticias.com.br\/se\/wp-json\/wp\/v2\/media?parent=71165"}],"wp:term":[{"taxonomy":"category","embeddable":true,"href":"https:\/\/senoticias.com.br\/se\/wp-json\/wp\/v2\/categories?post=71165"},{"taxonomy":"post_tag","embeddable":true,"href":"https:\/\/senoticias.com.br\/se\/wp-json\/wp\/v2\/tags?post=71165"}],"curies":[{"name":"wp","href":"https:\/\/api.w.org\/{rel}","templated":true}]}}