{"id":71160,"date":"2014-10-13T12:09:39","date_gmt":"2014-10-13T15:09:39","guid":{"rendered":"http:\/\/senoticias.com.br\/se\/?p=71160"},"modified":"2014-10-13T12:09:39","modified_gmt":"2014-10-13T15:09:39","slug":"banco-do-nordeste-encerra-greve-apos-13-dias-em-manifestacao","status":"publish","type":"post","link":"https:\/\/senoticias.com.br\/se\/banco-do-nordeste-encerra-greve-apos-13-dias-em-manifestacao\/","title":{"rendered":"Banco do Nordeste encerra greve ap\u00f3s 13 dias em manifesta\u00e7\u00e3o"},"content":{"rendered":"<div id=\"attachment_71088\" style=\"width: 310px\" class=\"wp-caption alignright\"><a href=\"http:\/\/senoticias.com.br\/se\/wp-content\/uploads\/2014\/10\/10102014144649.jpg\"><img loading=\"lazy\" decoding=\"async\" aria-describedby=\"caption-attachment-71088\" class=\"size-medium wp-image-71088\" alt=\"Protesto foi iniciado no dia 30 de setembro e encerrado nesta segunda (13). (Foto: Reprodu\u00e7\u00e3o)\" src=\"http:\/\/senoticias.com.br\/se\/wp-content\/uploads\/2014\/10\/10102014144649-300x200.jpg\" width=\"300\" height=\"200\" srcset=\"https:\/\/senoticias.com.br\/se\/wp-content\/uploads\/2014\/10\/10102014144649-300x200.jpg 300w, https:\/\/senoticias.com.br\/se\/wp-content\/uploads\/2014\/10\/10102014144649-342x228.jpg 342w, https:\/\/senoticias.com.br\/se\/wp-content\/uploads\/2014\/10\/10102014144649.jpg 640w\" sizes=\"(max-width: 300px) 100vw, 300px\" \/><\/a><p id=\"caption-attachment-71088\" class=\"wp-caption-text\">Protesto foi iniciado no dia 30 de setembro e encerrado nesta segunda (13). (Foto: Reprodu\u00e7\u00e3o)<\/p><\/div>\n<p style=\"text-align: justify;\">Os funcion\u00e1rios do Banco do Nordeste (BNB), que estavam em greve desde o dia 30 de setembro, decidiram encerrar o movimento na manh\u00e3 desta segunda-feira (13), ap\u00f3s uma assembleia.<\/p>\n<p style=\"text-align: justify;\">Segundo o Sindicato dos Banc\u00e1rios, apesar da greve ser encerrada, a categoria n\u00e3o alcan\u00e7ou as reivindica\u00e7\u00f5es espec\u00edficas. \u201cComo o reajuste no plano de sa\u00fade e o Plano de Cargos e Remunera\u00e7\u00e3o (PCR)\u201d, informa Iv\u00e2nia Pereira, secret\u00e1ria de comunica\u00e7\u00e3o do Sindicato dos Banc\u00e1rios de Sergipe (Seeb). Eles conquistarem o reajuste de 8,5% nos sal\u00e1rios, al\u00e9m de corre\u00e7\u00e3o de 9% no piso.<\/p>\n<p style=\"text-align: justify;\">No total, a categoria realizou tr\u00eas assembleias. \u201cS\u00f3 voltamos porque o banco amea\u00e7ou cortar o ponto dos funcion\u00e1rios\u201d, informa.<br \/>\nEm Sergipe, o BNB conta com 18 ag\u00eancias, sendo tr\u00eas est\u00e3o na capital. E mais 15 no interior do estado, sendo elas em Boquim, Carira, Est\u00e2ncia, Gararu, Itabaiana, Itabaianinha, Lagarto, Laranjeiras, Ne\u00f3polis, Nossa Senhora da Gloria, Nossa Senhora das Dores, Nossa Senhora do Socorro, Propri\u00e1, Sim\u00e3o Dias e Tobias Barreto.<\/p>\n<p style=\"text-align: justify;\"><em>Com informa\u00e7\u00f5es do G1SE<\/em><\/p>\n<p style=\"text-align: justify;\"><strong>Siga o SE Not\u00edcias pelo <a href=\"https:\/\/twitter.com\/Senoticias\" target=\"_blank\">Twitter <\/a>e curta no <a href=\"https:\/\/www.facebook.com\/PortalSENoticias\" target=\"_blank\">Facebook<\/a><\/strong><\/p>\n","protected":false},"excerpt":{"rendered":"<p>Os funcion\u00e1rios do Banco do Nordeste (BNB), que estavam em greve desde o dia 30 de setembro, decidiram encerrar o movimento na manh\u00e3 desta segunda-feira (13), ap\u00f3s uma assembleia. Segundo o Sindicato dos Banc\u00e1rios, apesar da greve ser encerrada, a categoria n\u00e3o alcan\u00e7ou as reivindica\u00e7\u00f5es espec\u00edficas. \u201cComo o reajuste no plano de sa\u00fade e o [&hellip;]<\/p>\n","protected":false},"author":1,"featured_media":71088,"comment_status":"closed","ping_status":"closed","sticky":false,"template":"","format":"standard","meta":{"footnotes":""},"categories":[1],"tags":[],"class_list":{"0":"post-71160","1":"post","2":"type-post","3":"status-publish","4":"format-standard","5":"has-post-thumbnail","7":"category-sem-categoria"},"_links":{"self":[{"href":"https:\/\/senoticias.com.br\/se\/wp-json\/wp\/v2\/posts\/71160"}],"collection":[{"href":"https:\/\/senoticias.com.br\/se\/wp-json\/wp\/v2\/posts"}],"about":[{"href":"https:\/\/senoticias.com.br\/se\/wp-json\/wp\/v2\/types\/post"}],"author":[{"embeddable":true,"href":"https:\/\/senoticias.com.br\/se\/wp-json\/wp\/v2\/users\/1"}],"replies":[{"embeddable":true,"href":"https:\/\/senoticias.com.br\/se\/wp-json\/wp\/v2\/comments?post=71160"}],"version-history":[{"count":0,"href":"https:\/\/senoticias.com.br\/se\/wp-json\/wp\/v2\/posts\/71160\/revisions"}],"wp:featuredmedia":[{"embeddable":true,"href":"https:\/\/senoticias.com.br\/se\/wp-json\/wp\/v2\/media\/71088"}],"wp:attachment":[{"href":"https:\/\/senoticias.com.br\/se\/wp-json\/wp\/v2\/media?parent=71160"}],"wp:term":[{"taxonomy":"category","embeddable":true,"href":"https:\/\/senoticias.com.br\/se\/wp-json\/wp\/v2\/categories?post=71160"},{"taxonomy":"post_tag","embeddable":true,"href":"https:\/\/senoticias.com.br\/se\/wp-json\/wp\/v2\/tags?post=71160"}],"curies":[{"name":"wp","href":"https:\/\/api.w.org\/{rel}","templated":true}]}}