{"id":71159,"date":"2014-10-13T13:44:47","date_gmt":"2014-10-13T16:44:47","guid":{"rendered":"http:\/\/senoticias.com.br\/se\/?p=71159"},"modified":"2014-10-14T16:13:35","modified_gmt":"2014-10-14T19:13:35","slug":"cprv-registra-04-acidentes-com-uma-morte-na-rodovias-estaduais","status":"publish","type":"post","link":"https:\/\/senoticias.com.br\/se\/cprv-registra-04-acidentes-com-uma-morte-na-rodovias-estaduais\/","title":{"rendered":"CPRv registra 04 acidentes com uma morte na rodovias estaduais"},"content":{"rendered":"<div id=\"attachment_71172\" style=\"width: 310px\" class=\"wp-caption alignright\"><a href=\"http:\/\/senoticias.com.br\/se\/wp-content\/uploads\/2014\/10\/CPRv.jpg\"><img loading=\"lazy\" decoding=\"async\" aria-describedby=\"caption-attachment-71172\" class=\"size-medium wp-image-71172\" alt=\"CPRv registra 04 acidentes com uma morte. (Foto: CPRv)\" src=\"http:\/\/senoticias.com.br\/se\/wp-content\/uploads\/2014\/10\/CPRv-300x225.jpg\" width=\"300\" height=\"225\" srcset=\"https:\/\/senoticias.com.br\/se\/wp-content\/uploads\/2014\/10\/CPRv-300x225.jpg 300w, https:\/\/senoticias.com.br\/se\/wp-content\/uploads\/2014\/10\/CPRv-342x256.jpg 342w, https:\/\/senoticias.com.br\/se\/wp-content\/uploads\/2014\/10\/CPRv-60x45.jpg 60w, https:\/\/senoticias.com.br\/se\/wp-content\/uploads\/2014\/10\/CPRv-150x113.jpg 150w, https:\/\/senoticias.com.br\/se\/wp-content\/uploads\/2014\/10\/CPRv-269x201.jpg 269w, https:\/\/senoticias.com.br\/se\/wp-content\/uploads\/2014\/10\/CPRv.jpg 512w\" sizes=\"(max-width: 300px) 100vw, 300px\" \/><\/a><p id=\"caption-attachment-71172\" class=\"wp-caption-text\">CPRv registra 04 acidentes com uma morte. (Foto: CPRv)<\/p><\/div>\n<p style=\"text-align: justify;\">A Pol\u00edcia Militar atrav\u00e9s da Companhia de Pol\u00edcia Rodovi\u00e1ria Estadual \u2013 CPRv, registrou durante o final de semana (dias 10, 11 e 12) nas rodovias estaduais, um total de 04 acidentes de tr\u00e2nsito, com 04 pessoas feridas e 01 morte no local, oito ve\u00edculos se envolveram nos acidentes.<\/p>\n<p style=\"text-align: justify;\"><strong>Os acidentes foram registrados nas seguintes rodovias:<\/strong><\/p>\n<p style=\"text-align: justify;\">Rodovia SE 090 \u2013 munic\u00edpio Nossa Senhora do Socorro \u2013 01 vitima lesionada.<br \/>\nRodovia SE 056 \u2013 munic\u00edpio de S\u00e3o Crist\u00f3v\u00e3o \u2013 01 vitima lesionada.<br \/>\nRodovia SE 240 \u2013 munic\u00edpio de Santo Amaro \u2013 01 morte.<br \/>\nRoodovia SE 160 \u2013 munic\u00edpio de Laranjeiras \u2013 02 v\u00edtimas lesionadas.<\/p>\n<p style=\"text-align: justify;\">A CPRv intensificou as fiscaliza\u00e7\u00e3o em diversas rodovias, onde v\u00e1rios condutores foram submetidos ao teste do baf\u00f3metro, sendo que tr\u00eas condutores foram autuados administrativamente, com teor alco\u00f3lico entre 0,05mg\/l e 0,33mg\/l.<\/p>\n<p style=\"text-align: justify;\">A Companhia de Pol\u00edcia Rodovi\u00e1ria Estadual informa que nos casos de emerg\u00eancia, acidentes de tr\u00e2nsito, animais soltos, solicita\u00e7\u00e3o de auxilio e denuncias nas rodovias estaduais, a popula\u00e7\u00e3o deve ligar gratuitamente para o telefone 198 de qualquer regi\u00e3o do Estado.<\/p>\n<p><strong>Siga o SE Not\u00edcias pelo <a href=\" https:\/\/twitter.com\/Senoticias\" target=\"_blank\">Twitter<\/a> e curta pelo <a href=\" https:\/\/www.facebook.com\/PortalSENoticias\">Facebook<\/a><\/strong><\/p>\n<p><em><strong>Comando da CPRv<\/strong><\/em><\/p>\n","protected":false},"excerpt":{"rendered":"<p>A Pol\u00edcia Militar atrav\u00e9s da Companhia de Pol\u00edcia Rodovi\u00e1ria Estadual \u2013 CPRv, registrou durante o final de semana (dias 10, 11 e 12) nas rodovias estaduais, um total de 04 acidentes de tr\u00e2nsito, com 04 pessoas feridas e 01 morte no local, oito ve\u00edculos se envolveram nos acidentes. Os acidentes foram registrados nas seguintes rodovias: [&hellip;]<\/p>\n","protected":false},"author":1,"featured_media":71172,"comment_status":"closed","ping_status":"closed","sticky":false,"template":"","format":"standard","meta":{"footnotes":""},"categories":[7],"tags":[],"class_list":{"0":"post-71159","1":"post","2":"type-post","3":"status-publish","4":"format-standard","5":"has-post-thumbnail","7":"category-policia"},"_links":{"self":[{"href":"https:\/\/senoticias.com.br\/se\/wp-json\/wp\/v2\/posts\/71159"}],"collection":[{"href":"https:\/\/senoticias.com.br\/se\/wp-json\/wp\/v2\/posts"}],"about":[{"href":"https:\/\/senoticias.com.br\/se\/wp-json\/wp\/v2\/types\/post"}],"author":[{"embeddable":true,"href":"https:\/\/senoticias.com.br\/se\/wp-json\/wp\/v2\/users\/1"}],"replies":[{"embeddable":true,"href":"https:\/\/senoticias.com.br\/se\/wp-json\/wp\/v2\/comments?post=71159"}],"version-history":[{"count":0,"href":"https:\/\/senoticias.com.br\/se\/wp-json\/wp\/v2\/posts\/71159\/revisions"}],"wp:featuredmedia":[{"embeddable":true,"href":"https:\/\/senoticias.com.br\/se\/wp-json\/wp\/v2\/media\/71172"}],"wp:attachment":[{"href":"https:\/\/senoticias.com.br\/se\/wp-json\/wp\/v2\/media?parent=71159"}],"wp:term":[{"taxonomy":"category","embeddable":true,"href":"https:\/\/senoticias.com.br\/se\/wp-json\/wp\/v2\/categories?post=71159"},{"taxonomy":"post_tag","embeddable":true,"href":"https:\/\/senoticias.com.br\/se\/wp-json\/wp\/v2\/tags?post=71159"}],"curies":[{"name":"wp","href":"https:\/\/api.w.org\/{rel}","templated":true}]}}