{"id":71156,"date":"2014-10-13T08:22:52","date_gmt":"2014-10-13T11:22:52","guid":{"rendered":"http:\/\/senoticias.com.br\/se\/?p=71156"},"modified":"2014-10-13T08:32:22","modified_gmt":"2014-10-13T11:32:22","slug":"marina-traiu-eduardo-ao-se-aliar-com-aecio-acusa-presidente-do-psb","status":"publish","type":"post","link":"https:\/\/senoticias.com.br\/se\/marina-traiu-eduardo-ao-se-aliar-com-aecio-acusa-presidente-do-psb\/","title":{"rendered":"Marina traiu Eduardo ao se aliar com A\u00e9cio, acusa presidente do PSB"},"content":{"rendered":"<p><em><strong>\u00a0por Esmael<\/strong><\/em><\/p>\n<p style=\"text-align: justify;\">A fissura no PSB poder\u00e1 ganhar propor\u00e7\u00f5es dram\u00e1ticas nos pr\u00f3ximos dias, a julgar pelas posi\u00e7\u00f5es p\u00fablicas do presidente nacional da sigla, Roberto Amaral, que divulgou um manifesto aos militantes acusando a ex-presidenci\u00e1vel Marina Silva de trair o legado de Eduardo Campos ao se aliar, neste segundo turno, ao tucano A\u00e9cio Neves.<\/p>\n<p style=\"text-align: justify;\">Eleitor declarado de Dilma Rousseff, o presidente da agremia\u00e7\u00e3o socialista afirma no documento que \u201cao aliar-se \u00e0 candidatura A\u00e9cio Neves, o PSB traiu a luta de Eduardo Campos, encampada ap\u00f3s sua morte por Marina Silva, no sentido de enriquecer o debate program\u00e1tico pondo em xeque a nociva e artificial polariza\u00e7\u00e3o entre PT e PSDB\u201d.<\/p>\n<p style=\"text-align: justify;\">\u201cComo honrar o legado do PSB optando pelo polo mais atrasado?\u201d, questiona Amaral, acusando seu pr\u00f3prio partido de j\u00e1 fazer divis\u00e3o de cargos e minist\u00e9rios no governo federal antes mesmo da eventual elei\u00e7\u00e3o de A\u00e9cio.<\/p>\n<div id=\"attachment_71158\" style=\"width: 602px\" class=\"wp-caption aligncenter\"><a href=\"http:\/\/senoticias.com.br\/se\/wp-content\/uploads\/2014\/10\/amaral_aecio_marina.jpg-592x278.jpg\"><img loading=\"lazy\" decoding=\"async\" aria-describedby=\"caption-attachment-71158\" class=\"size-full wp-image-71158\" alt=\"Marina traiu Eduardo ao se aliar com A\u00e9cio, acusa presidente do PSB. (Foto: Esmael)\" src=\"http:\/\/senoticias.com.br\/se\/wp-content\/uploads\/2014\/10\/amaral_aecio_marina.jpg-592x278.jpg\" width=\"592\" height=\"278\" srcset=\"https:\/\/senoticias.com.br\/se\/wp-content\/uploads\/2014\/10\/amaral_aecio_marina.jpg-592x278.jpg 592w, https:\/\/senoticias.com.br\/se\/wp-content\/uploads\/2014\/10\/amaral_aecio_marina.jpg-592x278-300x140.jpg 300w, https:\/\/senoticias.com.br\/se\/wp-content\/uploads\/2014\/10\/amaral_aecio_marina.jpg-592x278-342x160.jpg 342w\" sizes=\"(max-width: 592px) 100vw, 592px\" \/><\/a><p id=\"caption-attachment-71158\" class=\"wp-caption-text\">Marina traiu Eduardo ao se aliar com A\u00e9cio, acusa presidente do PSB. (Foto: Esmael)<\/p><\/div>\n<p style=\"text-align: justify;\">Na semana que se passou, assessores do PSDB atestaram que A\u00e9cio ofereceu a Marina o Minist\u00e9rio das Rela\u00e7\u00f5es Exteriores em troca do apoio no segundo turno anunciado neste domingo 12 (clique aqui). Portanto, a ex-candidata do PSB, ao confirmar o lema \u201c\u00e9 dando que se recebe\u201d, mostra \u00e9 que \u201cmais do mesmo\u201d ao ajudar a perpetuar a \u201cvelha pol\u00edtica\u201d que tanto dizia combater durante a campanha do primeiro turno.<\/p>\n<p>A seguir, leia a \u00edntegra do presidente nacional do PSB:<\/p>\n<p><strong>Mensagem aos militantes do PSB e ao povo brasileiro<\/strong><\/p>\n<p style=\"text-align: justify;\"><em>A luta interna no PSB, latente h\u00e1 algum tempo e agora aberta, tem como cerne a defini\u00e7\u00e3o do pa\u00eds que queremos e, por consequ\u00eancia, do Partido que queremos. A querela em torno da nova Executiva e o m\u00e9todo patriarcal de escolha de seu pr\u00f3ximo presidente s\u00e3o pretextos para sombrear as quest\u00f5es essenciais. Tampouco est\u00e3o em jogo nossas cr\u00edticas, seja ao governo Dilma, seja ao PT, seja \u00e0 atrasada dicotomia PT-PSDB \u2013 denunciada, na campanha, por Eduardo e Marina como do puro e exclusivo interesse das for\u00e7as que de fato dominam o pa\u00eds e decidem o poder.<\/em><\/p>\n<p style=\"text-align: justify;\"><em>Ao aliar-se acriticamente \u00e0 candidatura A\u00e9cio Neves, o bloco que hoje controla o partido, por\u00e9m, renega compromissos program\u00e1ticos e estatut\u00e1rios, suspende o debate sobre o futuro do Brasil, joga no lixo o legado de seus fundadores \u2013 entre os quais me incluo \u2013 e menospreza o \u00e1rduo esfor\u00e7o de constru\u00e7\u00e3o de uma resist\u00eancia de esquerda, socialista e democr\u00e1tica.<\/em><\/p>\n<p style=\"text-align: justify;\"><em>Esse caminhar tortuoso contradiz a oposi\u00e7\u00e3o que o Partido sustentou ao longo do per\u00edodo de pol\u00edticas neoliberais e desconhece sua pr\u00f3pria contribui\u00e7\u00e3o nos \u00faltimos anos, quando, sob os governos Lula dirigiu de forma renovadora a pol\u00edtica de ci\u00eancia e tecnologia do Brasil e, na administra\u00e7\u00e3o Dilma Rousseff, ocupou o Minist\u00e9rio da Integra\u00e7\u00e3o Nacional.<\/em><\/p>\n<p style=\"text-align: justify;\"><em>Ao aliar-se \u00e0 candidatura A\u00e9cio Neves, o PSB traiu a luta de Eduardo Campos, encampada ap\u00f3s sua morte por Marina Silva, no sentido de enriquecer o debate program\u00e1tico pondo em xeque a nociva e artificial polariza\u00e7\u00e3o entre PT e PSDB. A sociedade brasileira, ampla e multifacetada, n\u00e3o cabe nestas duas agremia\u00e7\u00f5es. Por isso mesmo e, coerentemente, votei, na companhia honrosa de Luiza Erundina, L\u00eddice da Mata, Antonio Carlos Valadares, Glauber Braga, Joilson Cardoso, K\u00e1tia Born e Bruno da Mata, a favor da libera\u00e7\u00e3o dos militantes. O Senador Capiberibe votou em Dilma Rousseff.<\/em><\/p>\n<p style=\"text-align: justify;\"><em>Como honrar o legado do PSB optando pelo polo mais atrasado? Em momento crucial para o futuro do pa\u00eds, o debate interno do PSB restringiu-se \u00e0 disputa rastaquera dos que buscam sinecuras e recompensas nos desv\u00e3os do Estado. Nas ante-salas de nossa sede em Bras\u00edlia j\u00e1 se escolhem os ministros que o PSB ocuparia num eventual governo tucano. A trag\u00e9dia do PT e de outros partidos a caminho da descaracteriza\u00e7\u00e3o ideol\u00f3gica n\u00e3o serviu de li\u00e7\u00e3o: nenhuma agremia\u00e7\u00e3o pol\u00edtica pode prescindir da primazia do debate program\u00e1tico s\u00e9rio e aprofundado. Quem n\u00e3o aprende com a Hist\u00f3ria condena-se a errar seguidamente.<\/em><\/p>\n<p style=\"text-align: justify;\"><em>Estamos em face de uma das fontes da crise brasileira: a vis\u00e3o pobre, m\u00edope, curta, dos processos hist\u00f3ricos, vis\u00e3o na qual o acess\u00f3rio toma a vez do principal, o epis\u00f3dico substitui o estrutural, as miragens tomam o lugar da realidade. Diante da floresta, o med\u00edocre contempla uma ou outra \u00e1rvore. Perde a no\u00e7\u00e3o do rumo hist\u00f3rico.<\/em><\/p>\n<p style=\"text-align: justify;\"><em>Ao menosprezar seu pr\u00f3prio trajeto, ao ignorar as li\u00e7\u00f5es de seus fundadores \u2013 entre eles Jo\u00e3o Mangabeira, Ant\u00f4nio Houaiss, Jamil Haddad e Miguel Arraes \u2013, o PSB renunciou \u00e0 posi\u00e7\u00e3o que lhe cabia na constru\u00e7\u00e3o do socialismo do s\u00e9culo XXI, o socialismo democr\u00e1tico, optando pela covarde rendi\u00e7\u00e3o ao statu quo. Renunciou \u00e0 luta pelas reformas que podem conduzir a sociedade a um patamar condizente com suas leg\u00edtimas aspira\u00e7\u00f5es.<\/em><\/p>\n<p style=\"text-align: justify;\"><em>Qual o papel de um partido socialista no Brasil de hoje? N\u00e3o ser\u00e1 o de promover a concilia\u00e7\u00e3o com o capital em detrimento do trabalho; n\u00e3o ser\u00e1 o de aceitar a pobreza e a explora\u00e7\u00e3o do homem pelo homem como fen\u00f4meno natural e irrecorr\u00edvel; n\u00e3o ser\u00e1 o de desaparelhar o Estado em favor do grande capital, nem renunciar \u00e0 soberania e subordinar-se ao capital financeiro que construiu a crise de 2008 e construir\u00e1 tantas outras quantas sejam necess\u00e1rias \u00e0 expans\u00e3o do seu dom\u00ednio, movendo mesmo guerras odientas para atender aos insaci\u00e1veis interesses monopol\u00edsticos.<\/em><\/p>\n<p style=\"text-align: justify;\"><em>O papel de um partido socialista no Brasil de hoje \u00e9 o de impulsionar a redistribui\u00e7\u00e3o da riqueza, alargando as pol\u00edticas sociais e promovendo a reforma agr\u00e1ria em larga escala; \u00e9 o de proteger o patrim\u00f4nio natural e cultural; \u00e9 o de combater todas as formas de atentado \u00e0 dignidade humana; \u00e9 o de extinguir as desigualdades espaciais do desenvolvimento; \u00e9 o de alargar as chances para uma juventude prenhe de aspira\u00e7\u00f5es; \u00e9 o de garantir a seguran\u00e7a do cidad\u00e3o, em particular aquele em situa\u00e7\u00e3o de risco; \u00e9 o de assegurar, atrav\u00e9s de tecnologias avan\u00e7adas, a defesa militar contra a gan\u00e2ncia estrangeira; \u00e9 o de promover a aproxima\u00e7\u00e3o com nossos vizinhos latino-americanos e africanos; \u00e9 o de prover as possibilidades de escolher soberanamente suas parcerias internacionais. \u00c9 o de aprofundar a democracia.<\/em><\/p>\n<p style=\"text-align: justify;\"><em>Como presidente do PSB, procurei manter-me equidistante das disputas, embora minha op\u00e7\u00e3o fosse publicamente conhecida. Assumi a Presid\u00eancia do Partido no grave momento que se sucedeu \u00e0 trag\u00e9dia que nos levou Eduardo Campos; conduzi o Partido durante a honrada campanha de Marina Silva. Anunciados os n\u00fameros do primeiro turno, ouvi, como magistrado, todas as correntes e dirigi at\u00e9 o final a reuni\u00e3o da Comiss\u00e3o Executiva que escolheu o suic\u00eddio pol\u00edtico-ideol\u00f3gico.<\/em><\/p>\n<p style=\"text-align: justify;\"><em>Recebi com bons modos a visita do candidato escolhido pela nova maioria. Cumprido o papel a que as circunst\u00e2ncias me constrangeram, sinto-me livre para lutar pelo Brasil com o qual os brasileiros sonhamos, convencido de que o apoio \u00e0 reelei\u00e7\u00e3o da presidente Dilma Rousseff \u00e9, neste momento, a \u00fanica alternativa para a esquerda socialista e democr\u00e1tica. Sem declinar das nossas diferen\u00e7as, que nos colocaram em campanhas distintas no primeiro turno, o apoio a Dilma representa mais avan\u00e7os e menos retrocessos, ou seja, \u00e9, nas atuais circunst\u00e2ncias, a que mais contribui na dire\u00e7\u00e3o do resgate de d\u00edvidas hist\u00f3ricas com seu pr\u00f3prio povo, como tamb\u00e9m de sua inser\u00e7\u00e3o t\u00e3o aut\u00f4noma quanto poss\u00edvel no cen\u00e1rio global.<\/em><\/p>\n<p style=\"text-align: justify;\"><em>Denunci\u00e1mos a estreiteza do manique\u00edsmo PT-PSDB, oferecemos nossa alternativa e fomos derrotados: prevaleceu a dicotomia, e diante dela cumpre optar. E a op\u00e7\u00e3o \u00e9 clara para quem se mant\u00e9m fiel aos princ\u00edpios e \u00e0 trajet\u00f3ria do PSB.<\/em><\/p>\n<p style=\"text-align: justify;\"><em><strong>O Brasil n\u00e3o pode retroagir.<\/strong><\/em><\/p>\n<p style=\"text-align: justify;\"><em>Convido todos, dentro e fora do PSB, a atuar comigo em defesa da sociedade brasileira, para integrar esse hist\u00f3rico movimento em defesa de um pa\u00eds desenvolvido, democr\u00e1tico e soberano.<\/em><\/p>\n<p style=\"text-align: justify;\"><em>Rio de Janeiro, 11 de outubro de 2014.<\/em><\/p>\n<p style=\"text-align: justify;\"><em>Roberto Amaral<\/em><\/p>\n<p><strong>Siga o SE Not\u00edcias pelo<a href=\"https:\/\/twitter.com\/Senoticias\" target=\"_blank\"> Twitter<\/a> e curta pelo <a href=\" https:\/\/www.facebook.com\/PortalSENoticias\" target=\"_blank\">Facebook<\/a><\/strong><\/p>\n<p style=\"text-align: justify;\"><em>\u00a0<\/em><\/p>\n","protected":false},"excerpt":{"rendered":"<p>\u00a0por Esmael A fissura no PSB poder\u00e1 ganhar propor\u00e7\u00f5es dram\u00e1ticas nos pr\u00f3ximos dias, a julgar pelas posi\u00e7\u00f5es p\u00fablicas do presidente nacional da sigla, Roberto Amaral, que divulgou um manifesto aos militantes acusando a ex-presidenci\u00e1vel Marina Silva de trair o legado de Eduardo Campos ao se aliar, neste segundo turno, ao tucano A\u00e9cio Neves. Eleitor declarado [&hellip;]<\/p>\n","protected":false},"author":1,"featured_media":71158,"comment_status":"closed","ping_status":"closed","sticky":false,"template":"","format":"standard","meta":{"footnotes":""},"categories":[6,1],"tags":[],"class_list":{"0":"post-71156","1":"post","2":"type-post","3":"status-publish","4":"format-standard","5":"has-post-thumbnail","7":"category-politica","8":"category-sem-categoria"},"_links":{"self":[{"href":"https:\/\/senoticias.com.br\/se\/wp-json\/wp\/v2\/posts\/71156"}],"collection":[{"href":"https:\/\/senoticias.com.br\/se\/wp-json\/wp\/v2\/posts"}],"about":[{"href":"https:\/\/senoticias.com.br\/se\/wp-json\/wp\/v2\/types\/post"}],"author":[{"embeddable":true,"href":"https:\/\/senoticias.com.br\/se\/wp-json\/wp\/v2\/users\/1"}],"replies":[{"embeddable":true,"href":"https:\/\/senoticias.com.br\/se\/wp-json\/wp\/v2\/comments?post=71156"}],"version-history":[{"count":0,"href":"https:\/\/senoticias.com.br\/se\/wp-json\/wp\/v2\/posts\/71156\/revisions"}],"wp:featuredmedia":[{"embeddable":true,"href":"https:\/\/senoticias.com.br\/se\/wp-json\/wp\/v2\/media\/71158"}],"wp:attachment":[{"href":"https:\/\/senoticias.com.br\/se\/wp-json\/wp\/v2\/media?parent=71156"}],"wp:term":[{"taxonomy":"category","embeddable":true,"href":"https:\/\/senoticias.com.br\/se\/wp-json\/wp\/v2\/categories?post=71156"},{"taxonomy":"post_tag","embeddable":true,"href":"https:\/\/senoticias.com.br\/se\/wp-json\/wp\/v2\/tags?post=71156"}],"curies":[{"name":"wp","href":"https:\/\/api.w.org\/{rel}","templated":true}]}}