{"id":71044,"date":"2014-10-09T22:14:03","date_gmt":"2014-10-10T01:14:03","guid":{"rendered":"http:\/\/senoticias.com.br\/se\/?p=71044"},"modified":"2014-10-09T22:14:32","modified_gmt":"2014-10-10T01:14:32","slug":"enfermeiros-de-aracaju-paralisarao-atividades","status":"publish","type":"post","link":"https:\/\/senoticias.com.br\/se\/enfermeiros-de-aracaju-paralisarao-atividades\/","title":{"rendered":"Enfermeiros de Aracaju paralisar\u00e3o atividades"},"content":{"rendered":"<p>&nbsp;<\/p>\n<p style=\"text-align: justify;\"><span style=\"font-size: 13px;\">Os enfermeiros que trabalham no munic\u00edpio de Aracaju decidiram fazer uma paralisa\u00e7\u00e3o na pr\u00f3xima ter\u00e7a-feira (14), \u00e0s 7 horas, na Pra\u00e7a Fausto Cardoso, no centro da capital. A decis\u00e3o foi tomada na assembleia da categoria juntamente com o Sindicato dos Enfermeiros do Estado de Sergipe (Seese) nesta quinta-feira (9), na sede do sindicato. A classe, que conta com cerca de 400 servidores em Aracaju divididos em mais de 40 unidades de Sa\u00fade, reivindica sobre as condi\u00e7\u00f5es ruins de trabalho e a baixa remunera\u00e7\u00e3o salarial.<\/span><\/p>\n<p style=\"text-align: justify;\">\u201cN\u00f3s pretendemos sensibilizar a popula\u00e7\u00e3o e levarmos servi\u00e7os, como aferi\u00e7\u00e3o de PA (press\u00e3o arterial), glicemia, e tamb\u00e9m mostrar a popula\u00e7\u00e3o as mazelas que a gente tem na nossa sa\u00fade, e que h\u00e1 preju\u00edzo para a sociedade continuando do jeito que est\u00e1. Estaremos levando den\u00fancias e imagens a esse respeito\u201d, disse a nova presidente do Seese, Shirley Morales.<\/p>\n<p style=\"text-align: justify;\">Os enfermeiros lutam pela mudan\u00e7a de intern\u00edveis, incorpora\u00e7\u00e3o das gratifica\u00e7\u00f5es e c\u00e1lculo da hora trabalhada. \u201cS\u00e3o alguns residuais que ficaram da greve passada, que n\u00e3o fomos contemplados em nada. Foi uma paralisa\u00e7\u00e3o de praticamente de 60 dias, mas que n\u00e3o teve avan\u00e7o nenhum. N\u00e3o tivemos incorpora\u00e7\u00e3o das gratifica\u00e7\u00f5es, enquanto outra categoria al\u00e9m da incorpora\u00e7\u00e3o ainda recebeu outras gratifica\u00e7\u00f5es diferenciadas\u201d, explica Shirley.<\/p>\n<p style=\"text-align: justify;\">Na pr\u00f3xima segunda-feira, haver\u00e1 uma reuni\u00e3o com o secret\u00e1rio Municipal de Sa\u00fade, Luciano Paz, \u00e0s 16 horas, na secretaria. \u201cReiteradamente estamos procurando a gest\u00e3o para uma reuni\u00e3o, mas infelizmente n\u00f3s n\u00e3o somos recebidos. A reuni\u00e3o que estava marcada para ontem (8) foi transferida para segunda-feira. Espero que n\u00e3o seja adiada e que realmente se consiga ter esse di\u00e1logo com o secret\u00e1rio\u201d, disse a presidente do Seese.<\/p>\n<p><strong>Siga o SE Not\u00edcias pelo <a href=\" https:\/\/twitter.com\/Senoticias\" target=\"_blank\">Twitter<\/a> e curta no <a href=\" https:\/\/www.facebook.com\/PortalSENoticias\" target=\"_blank\">Facebook<\/a><\/strong><\/p>\n<p>Da Ascom, SEESE.<\/p>\n","protected":false},"excerpt":{"rendered":"<p>&nbsp; Os enfermeiros que trabalham no munic\u00edpio de Aracaju decidiram fazer uma paralisa\u00e7\u00e3o na pr\u00f3xima ter\u00e7a-feira (14), \u00e0s 7 horas, na Pra\u00e7a Fausto Cardoso, no centro da capital. A decis\u00e3o foi tomada na assembleia da categoria juntamente com o Sindicato dos Enfermeiros do Estado de Sergipe (Seese) nesta quinta-feira (9), na sede do sindicato. A [&hellip;]<\/p>\n","protected":false},"author":1,"featured_media":0,"comment_status":"closed","ping_status":"closed","sticky":false,"template":"","format":"standard","meta":{"footnotes":""},"categories":[1],"tags":[],"class_list":{"0":"post-71044","1":"post","2":"type-post","3":"status-publish","4":"format-standard","6":"category-sem-categoria"},"_links":{"self":[{"href":"https:\/\/senoticias.com.br\/se\/wp-json\/wp\/v2\/posts\/71044"}],"collection":[{"href":"https:\/\/senoticias.com.br\/se\/wp-json\/wp\/v2\/posts"}],"about":[{"href":"https:\/\/senoticias.com.br\/se\/wp-json\/wp\/v2\/types\/post"}],"author":[{"embeddable":true,"href":"https:\/\/senoticias.com.br\/se\/wp-json\/wp\/v2\/users\/1"}],"replies":[{"embeddable":true,"href":"https:\/\/senoticias.com.br\/se\/wp-json\/wp\/v2\/comments?post=71044"}],"version-history":[{"count":0,"href":"https:\/\/senoticias.com.br\/se\/wp-json\/wp\/v2\/posts\/71044\/revisions"}],"wp:attachment":[{"href":"https:\/\/senoticias.com.br\/se\/wp-json\/wp\/v2\/media?parent=71044"}],"wp:term":[{"taxonomy":"category","embeddable":true,"href":"https:\/\/senoticias.com.br\/se\/wp-json\/wp\/v2\/categories?post=71044"},{"taxonomy":"post_tag","embeddable":true,"href":"https:\/\/senoticias.com.br\/se\/wp-json\/wp\/v2\/tags?post=71044"}],"curies":[{"name":"wp","href":"https:\/\/api.w.org\/{rel}","templated":true}]}}