{"id":71038,"date":"2014-10-09T18:01:21","date_gmt":"2014-10-09T21:01:21","guid":{"rendered":"http:\/\/senoticias.com.br\/se\/?p=71038"},"modified":"2014-10-09T18:01:50","modified_gmt":"2014-10-09T21:01:50","slug":"32o-leilao-de-veiculos-apreendidos-do-detranse-acontece-em-novembro","status":"publish","type":"post","link":"https:\/\/senoticias.com.br\/se\/32o-leilao-de-veiculos-apreendidos-do-detranse-acontece-em-novembro\/","title":{"rendered":"32\u00ba Leil\u00e3o de ve\u00edculos apreendidos do Detran\/SE acontece em novembro"},"content":{"rendered":"<div id=\"attachment_71039\" style=\"width: 310px\" class=\"wp-caption alignright\"><a href=\"http:\/\/senoticias.com.br\/se\/wp-content\/uploads\/2014\/10\/1_news_66_27bb673c84f1dbe0fcb47a7572316cb5.jpg\"><img loading=\"lazy\" decoding=\"async\" aria-describedby=\"caption-attachment-71039\" class=\"size-medium wp-image-71039\" alt=\"Foto: Ilustrativa \" src=\"http:\/\/senoticias.com.br\/se\/wp-content\/uploads\/2014\/10\/1_news_66_27bb673c84f1dbe0fcb47a7572316cb5-300x198.jpg\" width=\"300\" height=\"198\" srcset=\"https:\/\/senoticias.com.br\/se\/wp-content\/uploads\/2014\/10\/1_news_66_27bb673c84f1dbe0fcb47a7572316cb5-300x198.jpg 300w, https:\/\/senoticias.com.br\/se\/wp-content\/uploads\/2014\/10\/1_news_66_27bb673c84f1dbe0fcb47a7572316cb5-342x226.jpg 342w, https:\/\/senoticias.com.br\/se\/wp-content\/uploads\/2014\/10\/1_news_66_27bb673c84f1dbe0fcb47a7572316cb5.jpg 500w\" sizes=\"(max-width: 300px) 100vw, 300px\" \/><\/a><p id=\"caption-attachment-71039\" class=\"wp-caption-text\">Foto: Ilustrativa<\/p><\/div>\n<p style=\"text-align: justify;\"><strong><\/strong>O Departamento Estadual de Tr\u00e2nsito de Sergipe \u2013 Detran\/SE &#8211; realizar\u00e1 no pr\u00f3ximo dia 08 de novembro, s\u00e1bado, \u00e0s 9 horas, no Espa\u00e7o Emes, mais um leil\u00e3o de ve\u00edculos apreendidos em fiscaliza\u00e7\u00f5es de tr\u00e2nsito. Ser\u00e3o leiloados 283 lotes (236 motocicletas, 44 carros, 2 reboques e 1 \u00f4nibus), sendo que 207 ser\u00e3o comercializados como sucatas e 76 ser\u00e3o vendidos como aptos para circula\u00e7\u00e3o.<\/p>\n<p style=\"text-align: justify;\">A visita\u00e7\u00e3o para que os interessados possam conhecer os lotes dispon\u00edveis ser\u00e1 aberta no dia 03 de novembro. Os ve\u00edculos poder\u00e3o ser vistos e examinados no galp\u00e3o do Detran\/SE, localizado na avenida Jacy Carvalho Gomes, S\/N, bairro Santa Maria, pr\u00f3ximo ao Gbarbosa, de segunda a sexta-feira, das 8 \u00e0s 12 horas.<\/p>\n<p style=\"text-align: justify;\">O cadastro dos interessados em efetuar lances poder\u00e1 ser realizado previamente no Espa\u00e7o Emes, localizado na Avenida Tancredo Neves, n\u00ba 225, de segunda a sexta-feira, das 9h \u00e0s 11h e das 14h30 \u00e0s 17 horas, e no dia do evento, at\u00e9 uma hora antes do in\u00edcio do leil\u00e3o.<\/p>\n<p style=\"text-align: justify;\"><em>Com informa\u00e7\u00f5es do Jornal da Cidade<\/em><\/p>\n<p style=\"text-align: justify;\"><strong>Siga o sE Not\u00edcias pelo <a href=\"https:\/\/twitter.com\/Senoticias\" target=\"_blank\">Twitter <\/a>e curta pelo <a href=\"https:\/\/www.facebook.com\/PortalSENoticias\" target=\"_blank\">Facebook<\/a><\/strong><\/p>\n","protected":false},"excerpt":{"rendered":"<p>O Departamento Estadual de Tr\u00e2nsito de Sergipe \u2013 Detran\/SE &#8211; realizar\u00e1 no pr\u00f3ximo dia 08 de novembro, s\u00e1bado, \u00e0s 9 horas, no Espa\u00e7o Emes, mais um leil\u00e3o de ve\u00edculos apreendidos em fiscaliza\u00e7\u00f5es de tr\u00e2nsito. Ser\u00e3o leiloados 283 lotes (236 motocicletas, 44 carros, 2 reboques e 1 \u00f4nibus), sendo que 207 ser\u00e3o comercializados como sucatas e [&hellip;]<\/p>\n","protected":false},"author":1,"featured_media":71039,"comment_status":"closed","ping_status":"closed","sticky":false,"template":"","format":"standard","meta":{"footnotes":""},"categories":[1],"tags":[],"class_list":{"0":"post-71038","1":"post","2":"type-post","3":"status-publish","4":"format-standard","5":"has-post-thumbnail","7":"category-sem-categoria"},"_links":{"self":[{"href":"https:\/\/senoticias.com.br\/se\/wp-json\/wp\/v2\/posts\/71038"}],"collection":[{"href":"https:\/\/senoticias.com.br\/se\/wp-json\/wp\/v2\/posts"}],"about":[{"href":"https:\/\/senoticias.com.br\/se\/wp-json\/wp\/v2\/types\/post"}],"author":[{"embeddable":true,"href":"https:\/\/senoticias.com.br\/se\/wp-json\/wp\/v2\/users\/1"}],"replies":[{"embeddable":true,"href":"https:\/\/senoticias.com.br\/se\/wp-json\/wp\/v2\/comments?post=71038"}],"version-history":[{"count":0,"href":"https:\/\/senoticias.com.br\/se\/wp-json\/wp\/v2\/posts\/71038\/revisions"}],"wp:featuredmedia":[{"embeddable":true,"href":"https:\/\/senoticias.com.br\/se\/wp-json\/wp\/v2\/media\/71039"}],"wp:attachment":[{"href":"https:\/\/senoticias.com.br\/se\/wp-json\/wp\/v2\/media?parent=71038"}],"wp:term":[{"taxonomy":"category","embeddable":true,"href":"https:\/\/senoticias.com.br\/se\/wp-json\/wp\/v2\/categories?post=71038"},{"taxonomy":"post_tag","embeddable":true,"href":"https:\/\/senoticias.com.br\/se\/wp-json\/wp\/v2\/tags?post=71038"}],"curies":[{"name":"wp","href":"https:\/\/api.w.org\/{rel}","templated":true}]}}