{"id":71036,"date":"2014-10-09T17:45:16","date_gmt":"2014-10-09T20:45:16","guid":{"rendered":"http:\/\/senoticias.com.br\/se\/?p=71036"},"modified":"2014-10-09T17:45:16","modified_gmt":"2014-10-09T20:45:16","slug":"trese-alerta-sobre-sujeira-eleitoral-partidos-politicos","status":"publish","type":"post","link":"https:\/\/senoticias.com.br\/se\/trese-alerta-sobre-sujeira-eleitoral-partidos-politicos\/","title":{"rendered":"TRE\/SE alerta sobre sujeira eleitoral Partidos pol\u00edticos"},"content":{"rendered":"<div id=\"attachment_57937\" style=\"width: 310px\" class=\"wp-caption alignright\"><a href=\"http:\/\/senoticias.com.br\/se\/wp-content\/uploads\/2014\/01\/grande-tre_010812.jpg\"><img loading=\"lazy\" decoding=\"async\" aria-describedby=\"caption-attachment-57937\" class=\"size-medium wp-image-57937\" alt=\"Partidos e coliga\u00e7\u00f5es ter\u00e3o pr\u00e1ticas analisadas e punidas pelo TRE.(Foto: Reprodu\u00e7\u00e3o) \" src=\"http:\/\/senoticias.com.br\/se\/wp-content\/uploads\/2014\/01\/grande-tre_010812-300x199.jpg\" width=\"300\" height=\"199\" \/><\/a><p id=\"caption-attachment-57937\" class=\"wp-caption-text\">Partidos e coliga\u00e7\u00f5es ter\u00e3o pr\u00e1ticas analisadas e punidas pelo TRE. (Foto: Reprodu\u00e7\u00e3o)<\/p><\/div>\n<p style=\"text-align: justify;\">O Tribunal Regional Eleitoral de Sergipe (TRE\/SE) informa, em nome do Presidente Des. Cez\u00e1rio Siqueira Neto, que estar\u00e1 atento \u00e0 distribui\u00e7\u00e3o de material gr\u00e1fico de campanha, os \u201csantinhos\u201d, nos locais de vota\u00e7\u00e3o no dia das Elei\u00e7\u00f5es.<\/p>\n<p style=\"text-align: justify;\">A distribui\u00e7\u00e3o das pe\u00e7as publicit\u00e1rias de candidatos no dia das Elei\u00e7\u00f5es, al\u00e9m de ser configurado crime eleitoral, agride o meio ambiente e o urbanismo da cidade, j\u00e1 que poluem as ruas.<\/p>\n<p style=\"text-align: justify;\">Todo o material recolhido servir\u00e1 de prova em processo e o Minist\u00e9rio P\u00fablico e demais Autoridades tomar\u00e3o as medidas cab\u00edveis conforme o que for constatado, punindo os partidos pol\u00edticos e coliga\u00e7\u00f5es respons\u00e1veis pela distribui\u00e7\u00e3o do material distribu\u00eddo.<\/p>\n<p style=\"text-align: justify;\">De acordo com a Legisla\u00e7\u00e3o Eleitoral, a distribui\u00e7\u00e3o de folhetos e impressos no dia da elei\u00e7\u00e3o \u00e9 crime, podendo ocorrer apenas at\u00e9 \u00e0s 22h do dia que antecede o Pleito. A pena varia de seis meses a um ano de pris\u00e3o, com a alternativa de presta\u00e7\u00e3o de servi\u00e7os \u00e0 comunidade e tem multa que varia de R$ 5.320,50 a R$ 15.961,50.<\/p>\n<p style=\"text-align: justify;\">O Presidente do TRE\/SE destaca ainda a import\u00e2ncia da conserva\u00e7\u00e3o da limpeza das ruas n\u00e3o s\u00f3 no dia das Elei\u00e7\u00f5es, mas durante todo o per\u00edodo que antecede o dia do Pleito, principalmente no decorrer das campanhas eleitorais. Chama a aten\u00e7\u00e3o ainda n\u00e3o s\u00f3 dos partidos pol\u00edticos e coliga\u00e7\u00f5es, mas tamb\u00e9m dos cidad\u00e3os e eleitores para que tais a\u00e7\u00f5es possam ser detectadas e assim, posteriormente punidas.<\/p>\n<p style=\"text-align: justify;\"><em>Fonte: Ascom TRE\/SE<\/em><\/p>\n<p style=\"text-align: justify;\"><strong>\u00a0Siga o SE Not\u00edcias pelo <a href=\"https:\/\/twitter.com\/Senoticias\" target=\"_blank\">Twitter<\/a> e curta pelo <a href=\"https:\/\/www.facebook.com\/PortalSENoticias\" target=\"_blank\">Facebook<\/a><\/strong><\/p>\n","protected":false},"excerpt":{"rendered":"<p>O Tribunal Regional Eleitoral de Sergipe (TRE\/SE) informa, em nome do Presidente Des. Cez\u00e1rio Siqueira Neto, que estar\u00e1 atento \u00e0 distribui\u00e7\u00e3o de material gr\u00e1fico de campanha, os \u201csantinhos\u201d, nos locais de vota\u00e7\u00e3o no dia das Elei\u00e7\u00f5es. A distribui\u00e7\u00e3o das pe\u00e7as publicit\u00e1rias de candidatos no dia das Elei\u00e7\u00f5es, al\u00e9m de ser configurado crime eleitoral, agride o [&hellip;]<\/p>\n","protected":false},"author":1,"featured_media":57937,"comment_status":"closed","ping_status":"closed","sticky":false,"template":"","format":"standard","meta":{"footnotes":""},"categories":[6],"tags":[],"class_list":{"0":"post-71036","1":"post","2":"type-post","3":"status-publish","4":"format-standard","5":"has-post-thumbnail","7":"category-politica"},"_links":{"self":[{"href":"https:\/\/senoticias.com.br\/se\/wp-json\/wp\/v2\/posts\/71036"}],"collection":[{"href":"https:\/\/senoticias.com.br\/se\/wp-json\/wp\/v2\/posts"}],"about":[{"href":"https:\/\/senoticias.com.br\/se\/wp-json\/wp\/v2\/types\/post"}],"author":[{"embeddable":true,"href":"https:\/\/senoticias.com.br\/se\/wp-json\/wp\/v2\/users\/1"}],"replies":[{"embeddable":true,"href":"https:\/\/senoticias.com.br\/se\/wp-json\/wp\/v2\/comments?post=71036"}],"version-history":[{"count":0,"href":"https:\/\/senoticias.com.br\/se\/wp-json\/wp\/v2\/posts\/71036\/revisions"}],"wp:featuredmedia":[{"embeddable":true,"href":"https:\/\/senoticias.com.br\/se\/wp-json\/wp\/v2\/media\/57937"}],"wp:attachment":[{"href":"https:\/\/senoticias.com.br\/se\/wp-json\/wp\/v2\/media?parent=71036"}],"wp:term":[{"taxonomy":"category","embeddable":true,"href":"https:\/\/senoticias.com.br\/se\/wp-json\/wp\/v2\/categories?post=71036"},{"taxonomy":"post_tag","embeddable":true,"href":"https:\/\/senoticias.com.br\/se\/wp-json\/wp\/v2\/tags?post=71036"}],"curies":[{"name":"wp","href":"https:\/\/api.w.org\/{rel}","templated":true}]}}