{"id":71033,"date":"2014-10-09T17:29:21","date_gmt":"2014-10-09T20:29:21","guid":{"rendered":"http:\/\/senoticias.com.br\/se\/?p=71033"},"modified":"2014-10-09T19:23:05","modified_gmt":"2014-10-09T22:23:05","slug":"encontrado-o-primeiro-corpo-apos-naufragio-de-barco-no-rio-sergipe","status":"publish","type":"post","link":"https:\/\/senoticias.com.br\/se\/encontrado-o-primeiro-corpo-apos-naufragio-de-barco-no-rio-sergipe\/","title":{"rendered":"Encontrado o primeiro corpo ap\u00f3s naufr\u00e1gio de barco no rio Sergipe"},"content":{"rendered":"<div id=\"attachment_71034\" style=\"width: 586px\" class=\"wp-caption aligncenter\"><a href=\"http:\/\/senoticias.com.br\/se\/wp-content\/uploads\/2014\/10\/19102014164143.jpg\"><img loading=\"lazy\" decoding=\"async\" aria-describedby=\"caption-attachment-71034\" class=\" wp-image-71034   \" alt=\"O  corpo do pescador estava desaparecido desde a ter\u00e7a-feira, 7. (Foto: Reprodu\u00e7\u00e3o\/Internet) \" src=\"http:\/\/senoticias.com.br\/se\/wp-content\/uploads\/2014\/10\/19102014164143.jpg\" width=\"576\" height=\"432\" srcset=\"https:\/\/senoticias.com.br\/se\/wp-content\/uploads\/2014\/10\/19102014164143.jpg 640w, https:\/\/senoticias.com.br\/se\/wp-content\/uploads\/2014\/10\/19102014164143-300x225.jpg 300w, https:\/\/senoticias.com.br\/se\/wp-content\/uploads\/2014\/10\/19102014164143-342x256.jpg 342w, https:\/\/senoticias.com.br\/se\/wp-content\/uploads\/2014\/10\/19102014164143-60x45.jpg 60w, https:\/\/senoticias.com.br\/se\/wp-content\/uploads\/2014\/10\/19102014164143-150x113.jpg 150w, https:\/\/senoticias.com.br\/se\/wp-content\/uploads\/2014\/10\/19102014164143-269x201.jpg 269w\" sizes=\"(max-width: 576px) 100vw, 576px\" \/><\/a><p id=\"caption-attachment-71034\" class=\"wp-caption-text\">O corpo do pescador estava desaparecido desde a ter\u00e7a-feira, 7. (Foto: Reprodu\u00e7\u00e3o\/Internet)<\/p><\/div>\n<p style=\"text-align: justify;\">Equipes do Corpo de Bombeiros, Marinha do Brasil e Capitania dos Portos retiraram na tarde desta quinta-feira 9, o corpo de um dos pescadores que estava desaparecido nas \u00e1guas do rio Sergipe ap\u00f3s a <a href=\"http:\/\/senoticias.com.br\/se\/?p=70930\" target=\"_blank\"><strong>embarca\u00e7\u00e3o naufragar<\/strong><\/a> na \u00faltima ter\u00e7a-feira, 7.<\/p>\n<p style=\"text-align: justify;\">O corpo de Fabiano Jos\u00e9 Bertoldo de 30 anos, foi\u00a0encontrado preso a um manguezal pr\u00f3ximo a Barra dos Coqueiros, em Aracaju.\u00a0A fam\u00edlia do pescador esteve no local para confirmar a identidade da v\u00edtima, em seguida o corpo foi encaminhado ao IML &#8211; Instituto M\u00e9dico Legal.<\/p>\n<p style=\"text-align: justify;\">A expectativa \u00e9 de que, caso o corpo do segundo pescador\u00a0Alan Delon, de 27 anos tamb\u00e9m\u00a0desaparecido n\u00e3o seja encontrado nesta quinta, as buscas tornem a ser interrompidas e retomadas na manh\u00e3 de sexta-feira, 10.<\/p>\n<p style=\"text-align: justify;\"><strong>Sobreviventes\u00a0<\/strong><\/p>\n<p style=\"text-align: justify;\">Tr\u00eas dos cinco tripulantes da embarca\u00e7\u00e3o que foi engolida pelas \u00e1guas do rio Sergipe, conseguiram ser resgatados no mesmo dia. Eles nadaram\u00a0at\u00e9 a margem do Rio Pomonga e pediram ajuda.\u00a0O barco virou a cerca de 700 metros de dist\u00e2ncia da ponte Aracaju-Barra, dire\u00e7\u00e3o norte.<\/p>\n<p style=\"text-align: justify;\"><em>Por Lohan Muller<\/em><\/p>\n<p style=\"text-align: justify;\"><strong>\u00a0Siga o SE Not\u00edcias pelo <a href=\"https:\/\/twitter.com\/Senoticias\" target=\"_blank\">Twitter <\/a>e curta pelo <a href=\"https:\/\/www.facebook.com\/PortalSENoticias\" target=\"_blank\">Facebook<\/a><\/strong><\/p>\n","protected":false},"excerpt":{"rendered":"<p>Equipes do Corpo de Bombeiros, Marinha do Brasil e Capitania dos Portos retiraram na tarde desta quinta-feira 9, o corpo de um dos pescadores que estava desaparecido nas \u00e1guas do rio Sergipe ap\u00f3s a embarca\u00e7\u00e3o naufragar na \u00faltima ter\u00e7a-feira, 7. O corpo de Fabiano Jos\u00e9 Bertoldo de 30 anos, foi\u00a0encontrado preso a um manguezal pr\u00f3ximo [&hellip;]<\/p>\n","protected":false},"author":1,"featured_media":71034,"comment_status":"closed","ping_status":"closed","sticky":false,"template":"","format":"standard","meta":{"footnotes":""},"categories":[38],"tags":[],"class_list":{"0":"post-71033","1":"post","2":"type-post","3":"status-publish","4":"format-standard","5":"has-post-thumbnail","7":"category-municipios"},"_links":{"self":[{"href":"https:\/\/senoticias.com.br\/se\/wp-json\/wp\/v2\/posts\/71033"}],"collection":[{"href":"https:\/\/senoticias.com.br\/se\/wp-json\/wp\/v2\/posts"}],"about":[{"href":"https:\/\/senoticias.com.br\/se\/wp-json\/wp\/v2\/types\/post"}],"author":[{"embeddable":true,"href":"https:\/\/senoticias.com.br\/se\/wp-json\/wp\/v2\/users\/1"}],"replies":[{"embeddable":true,"href":"https:\/\/senoticias.com.br\/se\/wp-json\/wp\/v2\/comments?post=71033"}],"version-history":[{"count":0,"href":"https:\/\/senoticias.com.br\/se\/wp-json\/wp\/v2\/posts\/71033\/revisions"}],"wp:featuredmedia":[{"embeddable":true,"href":"https:\/\/senoticias.com.br\/se\/wp-json\/wp\/v2\/media\/71034"}],"wp:attachment":[{"href":"https:\/\/senoticias.com.br\/se\/wp-json\/wp\/v2\/media?parent=71033"}],"wp:term":[{"taxonomy":"category","embeddable":true,"href":"https:\/\/senoticias.com.br\/se\/wp-json\/wp\/v2\/categories?post=71033"},{"taxonomy":"post_tag","embeddable":true,"href":"https:\/\/senoticias.com.br\/se\/wp-json\/wp\/v2\/tags?post=71033"}],"curies":[{"name":"wp","href":"https:\/\/api.w.org\/{rel}","templated":true}]}}