{"id":71030,"date":"2014-10-09T16:48:39","date_gmt":"2014-10-09T19:48:39","guid":{"rendered":"http:\/\/senoticias.com.br\/se\/?p=71030"},"modified":"2014-10-09T16:48:39","modified_gmt":"2014-10-09T19:48:39","slug":"festa-de-nossa-senhora-aparecida-prossegue-no-bugio","status":"publish","type":"post","link":"https:\/\/senoticias.com.br\/se\/festa-de-nossa-senhora-aparecida-prossegue-no-bugio\/","title":{"rendered":"Festa de Nossa Senhora Aparecida prossegue no Bugio"},"content":{"rendered":"<div id=\"attachment_71031\" style=\"width: 310px\" class=\"wp-caption alignright\"><a href=\"http:\/\/senoticias.com.br\/se\/wp-content\/uploads\/2014\/10\/9102014131740.jpg\"><img loading=\"lazy\" decoding=\"async\" aria-describedby=\"caption-attachment-71031\" class=\"size-medium wp-image-71031\" alt=\"Foto: Divulga\u00e7\u00e3o \" src=\"http:\/\/senoticias.com.br\/se\/wp-content\/uploads\/2014\/10\/9102014131740-300x199.jpg\" width=\"300\" height=\"199\" srcset=\"https:\/\/senoticias.com.br\/se\/wp-content\/uploads\/2014\/10\/9102014131740-300x199.jpg 300w, https:\/\/senoticias.com.br\/se\/wp-content\/uploads\/2014\/10\/9102014131740-342x227.jpg 342w, https:\/\/senoticias.com.br\/se\/wp-content\/uploads\/2014\/10\/9102014131740.jpg 640w\" sizes=\"(max-width: 300px) 100vw, 300px\" \/><\/a><p id=\"caption-attachment-71031\" class=\"wp-caption-text\">Foto: Divulga\u00e7\u00e3o<\/p><\/div>\n<p style=\"text-align: justify;\">At\u00e9 o dia 12 de outubro o Santu\u00e1rio Diocesano de Nossa Senhora Aparecida no Bairro Bugio celebra a Peregrina\u00e7\u00e3o e Festa, em louvor a padroeira da comunidade e do Brasil. Missas, celebra\u00e7\u00f5es especiais, prociss\u00f5es e apresenta\u00e7\u00f5es culturais v\u00e3o marcar o ato religioso, que tem como tema \u201cFelizes s\u00e3o os que ouvem a Palavra do Senhor e a p\u00f5em em pr\u00e1tica.\u201d (Lc 11,28). O lema \u00e9 \u201cA Peregrina\u00e7\u00e3o da F\u00e9 j\u00e1 n\u00e3o pertence \u00e0 Maria: M\u00e3e do Filho de Deus. (S\u00e3o Jo\u00e3o Paulo II, RM, 6). A novena deste ano celebra os 30 anos da cria\u00e7\u00e3o do Santu\u00e1rio.<\/p>\n<p style=\"text-align: justify;\">Todos os dias, \u00e0s 4h30 acontecer\u00e1 a caminhada e ora\u00e7\u00e3o da manh\u00e3 pelas ruas do Bugio. \u00c0s 9h da manh\u00e3 ser\u00e1 celebrada a missa. \u00c0s 15h \u00e9 a vez da Adora\u00e7\u00e3o ao Sant\u00edssimo Sacramento. A partir das 18h ser\u00e1 rezado o Santo Ter\u00e7o seguido de Adora\u00e7\u00e3o, Novena e Santa Missa.<\/p>\n<p style=\"text-align: justify;\">Durante a novena, ocorrer\u00e3o celebra\u00e7\u00f5es especiais. No dia 09 de outubro acontece a Missa dos idosos e enfermos, a partir das 9h da manh\u00e3. No dia 10, tamb\u00e9m \u00e0s 9h da manh\u00e3 ser\u00e1 realizada a celebra\u00e7\u00e3o da Novena e Missa dos Estudantes.<\/p>\n<p style=\"text-align: justify;\">No dia 11 de outubro \u00e9 o anivers\u00e1rio da dedica\u00e7\u00e3o da Igreja Santu\u00e1rio. \u00c0s 5h30 da manh\u00e3 ser\u00e1 realizada a Celebra\u00e7\u00e3o das Laudes da Dedica\u00e7\u00e3o. \u00c0s 8h da manh\u00e3 acontece a peregrina\u00e7\u00e3o das Crian\u00e7as ao Santu\u00e1rio. Os batizados ser\u00e3o realizados a partir das 15h. \u00c0s 16h tem in\u00edcio a prociss\u00e3o dos motoristas, saindo da Par\u00f3quia S\u00e3o Francisco de Assis no Bairro Santos Dumont. \u00c0s 18 horas acontece a Celebra\u00e7\u00e3o das V\u00e9speras da Dedica\u00e7\u00e3o do Santu\u00e1rio, seguido de Santo Ter\u00e7o, Novena e Missa.<\/p>\n<p style=\"text-align: justify;\"><strong>Momento Religioso e Cultural<\/strong><\/p>\n<p style=\"text-align: justify;\">Al\u00e9m das celebra\u00e7\u00f5es, a Festa em Louvor a Nossa Senhora Aparecida tamb\u00e9m contar\u00e1 com apresenta\u00e7\u00f5es religiosas e culturais. No dia 10 de outubro, \u00e0s 21 horas, se apresenta em frente ao Santu\u00e1rio Lourinho do Acordeom e La\u00e9rcio Souza. No dia 11, sobe ao palco a Banda Hallel. Eles retornam ao palco no dia 12, ap\u00f3s a prociss\u00e3o.<\/p>\n<p style=\"text-align: justify;\"><strong>Dia festivo<\/strong><\/p>\n<p style=\"text-align: justify;\">No dia 12 de Outubro, Dia de Nossa Senhora Aparecida, a programa\u00e7\u00e3o come\u00e7a cedo. \u00c0s 4 da manh\u00e3 acontece a Vig\u00edlia de Adora\u00e7\u00e3o Eucar\u00edstica. \u00c0s 5 da manh\u00e3 tem alvorada festiva, seguida de Of\u00edcio de Nossa Senhora e Missa a partir das 6 horas. \u00c0s 8 horas ser\u00e1 celebrada a Missa das Crian\u00e7as. No mesmo hor\u00e1rio, tem in\u00edcio a 10\u00aa Peregrina\u00e7\u00e3o de Nossa Senhora Aparecida. A concentra\u00e7\u00e3o ser\u00e1 em frente \u00e0 Par\u00f3quia Nossa Senhora de Lourdes, no Bairro Siqueira Campos, onde todos saem em caminha at\u00e9 o Santu\u00e1rio. Na chegada, ser\u00e1 celebrada Missa dos Peregrinos.<\/p>\n<p style=\"text-align: justify;\">Ao meio-dia tem in\u00edcio os Louvores a Nossa Senhora Aparecida. \u00c0s 14 horas ser\u00e1 recitado o Of\u00edcio de Nossa Senhora. A Missa Solene ter\u00e1 in\u00edcio \u00e0s 15 horas. Logo ap\u00f3s acontece a grande prociss\u00e3o, que vai percorrer as principais ruas do Bugio. Na chegada, B\u00ean\u00e7\u00e3o e Adora\u00e7\u00e3o ao Sant\u00edssimo Sacramento, encerrando a festa.<\/p>\n<p style=\"text-align: justify;\"><em>Fonte: Assessoria de Comunica\u00e7\u00e3o<\/em><\/p>\n<p style=\"text-align: justify;\"><strong>Siga o sE Not\u00edcias pelo <a href=\"https:\/\/twitter.com\/Senoticias\" target=\"_blank\">Twitter <\/a>e curta pelo <a href=\"https:\/\/www.facebook.com\/PortalSENoticias\" target=\"_blank\">Facebook<\/a><\/strong><\/p>\n","protected":false},"excerpt":{"rendered":"<p>At\u00e9 o dia 12 de outubro o Santu\u00e1rio Diocesano de Nossa Senhora Aparecida no Bairro Bugio celebra a Peregrina\u00e7\u00e3o e Festa, em louvor a padroeira da comunidade e do Brasil. Missas, celebra\u00e7\u00f5es especiais, prociss\u00f5es e apresenta\u00e7\u00f5es culturais v\u00e3o marcar o ato religioso, que tem como tema \u201cFelizes s\u00e3o os que ouvem a Palavra do Senhor [&hellip;]<\/p>\n","protected":false},"author":1,"featured_media":71031,"comment_status":"closed","ping_status":"closed","sticky":false,"template":"","format":"standard","meta":{"footnotes":""},"categories":[46],"tags":[],"class_list":{"0":"post-71030","1":"post","2":"type-post","3":"status-publish","4":"format-standard","5":"has-post-thumbnail","7":"category-religiao"},"_links":{"self":[{"href":"https:\/\/senoticias.com.br\/se\/wp-json\/wp\/v2\/posts\/71030"}],"collection":[{"href":"https:\/\/senoticias.com.br\/se\/wp-json\/wp\/v2\/posts"}],"about":[{"href":"https:\/\/senoticias.com.br\/se\/wp-json\/wp\/v2\/types\/post"}],"author":[{"embeddable":true,"href":"https:\/\/senoticias.com.br\/se\/wp-json\/wp\/v2\/users\/1"}],"replies":[{"embeddable":true,"href":"https:\/\/senoticias.com.br\/se\/wp-json\/wp\/v2\/comments?post=71030"}],"version-history":[{"count":0,"href":"https:\/\/senoticias.com.br\/se\/wp-json\/wp\/v2\/posts\/71030\/revisions"}],"wp:featuredmedia":[{"embeddable":true,"href":"https:\/\/senoticias.com.br\/se\/wp-json\/wp\/v2\/media\/71031"}],"wp:attachment":[{"href":"https:\/\/senoticias.com.br\/se\/wp-json\/wp\/v2\/media?parent=71030"}],"wp:term":[{"taxonomy":"category","embeddable":true,"href":"https:\/\/senoticias.com.br\/se\/wp-json\/wp\/v2\/categories?post=71030"},{"taxonomy":"post_tag","embeddable":true,"href":"https:\/\/senoticias.com.br\/se\/wp-json\/wp\/v2\/tags?post=71030"}],"curies":[{"name":"wp","href":"https:\/\/api.w.org\/{rel}","templated":true}]}}