{"id":71026,"date":"2014-10-09T16:38:11","date_gmt":"2014-10-09T19:38:11","guid":{"rendered":"http:\/\/senoticias.com.br\/se\/?p=71026"},"modified":"2014-10-09T16:40:58","modified_gmt":"2014-10-09T19:40:58","slug":"dilma-segue-em-carreata-pelas-ruas-de-aracaju","status":"publish","type":"post","link":"https:\/\/senoticias.com.br\/se\/dilma-segue-em-carreata-pelas-ruas-de-aracaju\/","title":{"rendered":"Dilma segue em carreata pelas ruas de Aracaju"},"content":{"rendered":"<div id=\"attachment_71029\" style=\"width: 226px\" class=\"wp-caption alignright\"><a href=\"http:\/\/senoticias.com.br\/se\/wp-content\/uploads\/2014\/10\/1_news_66_6a166ab249ee33701563fef84b11b0a1.jpg\"><img loading=\"lazy\" decoding=\"async\" aria-describedby=\"caption-attachment-71029\" class=\"size-medium wp-image-71029\" alt=\"Foto: JornaldaCidade.Net\" src=\"http:\/\/senoticias.com.br\/se\/wp-content\/uploads\/2014\/10\/1_news_66_6a166ab249ee33701563fef84b11b0a1-216x300.jpg\" width=\"216\" height=\"300\" srcset=\"https:\/\/senoticias.com.br\/se\/wp-content\/uploads\/2014\/10\/1_news_66_6a166ab249ee33701563fef84b11b0a1-216x300.jpg 216w, https:\/\/senoticias.com.br\/se\/wp-content\/uploads\/2014\/10\/1_news_66_6a166ab249ee33701563fef84b11b0a1-342x473.jpg 342w, https:\/\/senoticias.com.br\/se\/wp-content\/uploads\/2014\/10\/1_news_66_6a166ab249ee33701563fef84b11b0a1-300x415.jpg 300w, https:\/\/senoticias.com.br\/se\/wp-content\/uploads\/2014\/10\/1_news_66_6a166ab249ee33701563fef84b11b0a1.jpg 361w\" sizes=\"(max-width: 216px) 100vw, 216px\" \/><\/a><p id=\"caption-attachment-71029\" class=\"wp-caption-text\">Foto: JornaldaCidade.Net<\/p><\/div>\n<p style=\"text-align: justify;\">A presidente Dilma Rousseff (PT), candidata a reelei\u00e7\u00e3o da presid\u00eancia da rep\u00fablica que est\u00e1 no segundo turno, chegou a capital sergipana no come\u00e7o da tarde desta quinta-feira, 9. Na sua programa\u00e7\u00e3o em Aracaju est\u00e1 uma carreata do Aeroporto Santa Maria at\u00e9 um evento no Espa\u00e7o Emes com lideran\u00e7as pol\u00edticas e militantes.<\/p>\n<p style=\"text-align: justify;\">No aeroporto e na avenida de acesso ao local, pessoas seguravam bandeiras e faixas em forma de apoio a sua reelei\u00e7\u00e3o.<\/p>\n<p style=\"text-align: justify;\">Dilma est\u00e1 dedicando estes dias ao nordeste, regi\u00e3o onde ela obteve um grande n\u00famero de votos no primeiro turno das elei\u00e7\u00f5es 2014. No Estado de Sergipe, ela recebeu 54,93% dos votos v\u00e1lidos, contra 22,68% do tucano A\u00e9cio Neves e 18,55% de Marina Silva (PSB). A presidenta venceu em todos os 75 munic\u00edpios sergipanos.<\/p>\n<p style=\"text-align: justify;\">Ainda nesta quinta-feira, ela segue para Macei\u00f3 (AL).<\/p>\n<p style=\"text-align: justify;\"><em>Com informa\u00e7\u00f5es do Jornal da Cidade<\/em><\/p>\n<p style=\"text-align: justify;\"><strong>Siga o SE Not\u00edcias pelo <a href=\"https:\/\/twitter.com\/Senoticias\" target=\"_blank\">Twitter <\/a>e curta pelo <a href=\"https:\/\/www.facebook.com\/PortalSENoticias\" target=\"_blank\">Facebook<\/a><\/strong><\/p>\n","protected":false},"excerpt":{"rendered":"<p>A presidente Dilma Rousseff (PT), candidata a reelei\u00e7\u00e3o da presid\u00eancia da rep\u00fablica que est\u00e1 no segundo turno, chegou a capital sergipana no come\u00e7o da tarde desta quinta-feira, 9. Na sua programa\u00e7\u00e3o em Aracaju est\u00e1 uma carreata do Aeroporto Santa Maria at\u00e9 um evento no Espa\u00e7o Emes com lideran\u00e7as pol\u00edticas e militantes. No aeroporto e na [&hellip;]<\/p>\n","protected":false},"author":1,"featured_media":71029,"comment_status":"closed","ping_status":"closed","sticky":false,"template":"","format":"standard","meta":{"footnotes":""},"categories":[6],"tags":[],"class_list":{"0":"post-71026","1":"post","2":"type-post","3":"status-publish","4":"format-standard","5":"has-post-thumbnail","7":"category-politica"},"_links":{"self":[{"href":"https:\/\/senoticias.com.br\/se\/wp-json\/wp\/v2\/posts\/71026"}],"collection":[{"href":"https:\/\/senoticias.com.br\/se\/wp-json\/wp\/v2\/posts"}],"about":[{"href":"https:\/\/senoticias.com.br\/se\/wp-json\/wp\/v2\/types\/post"}],"author":[{"embeddable":true,"href":"https:\/\/senoticias.com.br\/se\/wp-json\/wp\/v2\/users\/1"}],"replies":[{"embeddable":true,"href":"https:\/\/senoticias.com.br\/se\/wp-json\/wp\/v2\/comments?post=71026"}],"version-history":[{"count":0,"href":"https:\/\/senoticias.com.br\/se\/wp-json\/wp\/v2\/posts\/71026\/revisions"}],"wp:featuredmedia":[{"embeddable":true,"href":"https:\/\/senoticias.com.br\/se\/wp-json\/wp\/v2\/media\/71029"}],"wp:attachment":[{"href":"https:\/\/senoticias.com.br\/se\/wp-json\/wp\/v2\/media?parent=71026"}],"wp:term":[{"taxonomy":"category","embeddable":true,"href":"https:\/\/senoticias.com.br\/se\/wp-json\/wp\/v2\/categories?post=71026"},{"taxonomy":"post_tag","embeddable":true,"href":"https:\/\/senoticias.com.br\/se\/wp-json\/wp\/v2\/tags?post=71026"}],"curies":[{"name":"wp","href":"https:\/\/api.w.org\/{rel}","templated":true}]}}