{"id":71020,"date":"2014-10-09T16:20:14","date_gmt":"2014-10-09T19:20:14","guid":{"rendered":"http:\/\/senoticias.com.br\/se\/?p=71020"},"modified":"2014-10-09T16:31:40","modified_gmt":"2014-10-09T19:31:40","slug":"governo-constroi-creche-que-atendera-90-familias-em-sao-cristovao","status":"publish","type":"post","link":"https:\/\/senoticias.com.br\/se\/governo-constroi-creche-que-atendera-90-familias-em-sao-cristovao\/","title":{"rendered":"Governo constr\u00f3i creche que atender\u00e1 90 fam\u00edlias em S\u00e3o Crist\u00f3v\u00e3o"},"content":{"rendered":"<p style=\"text-align: justify;\">Fortalecer o desenvolvimento social \u00e9 tamb\u00e9m uma das principais metas do Programa Sergipe Cidades. Resultado da parceria firmada entre o Banco Nacional do Desenvolvimento Econ\u00f4mico e Social (BNDES) e o Governo de Sergipe, o programa \u00e9 executado pela Secretaria de Estado do Desenvolvimento Urbano (Sedurb), e desde sua implanta\u00e7\u00e3o vem transformando para melhor a vida da popula\u00e7\u00e3o sergipana.<\/p>\n<div id=\"attachment_71021\" style=\"width: 610px\" class=\"wp-caption aligncenter\"><a href=\"http:\/\/senoticias.com.br\/se\/wp-content\/uploads\/2014\/10\/CHAMADADOSITE.jpg\"><img loading=\"lazy\" decoding=\"async\" aria-describedby=\"caption-attachment-71021\" class=\"size-full wp-image-71021\" alt=\"Com investimentos na ordem de R$ 1.459.490,89, o estabelecimento infantil vem atender uma demanda dos moradores sancristovenses, pleiteada durante a elabora\u00e7\u00e3o do planejamento participativo, e, beneficiar\u00e1 diretamente noventa pais de fam\u00edlias. Foto: Ascom\/Sedurb)\" src=\"http:\/\/senoticias.com.br\/se\/wp-content\/uploads\/2014\/10\/CHAMADADOSITE.jpg\" width=\"600\" height=\"399\" srcset=\"https:\/\/senoticias.com.br\/se\/wp-content\/uploads\/2014\/10\/CHAMADADOSITE.jpg 600w, https:\/\/senoticias.com.br\/se\/wp-content\/uploads\/2014\/10\/CHAMADADOSITE-300x199.jpg 300w, https:\/\/senoticias.com.br\/se\/wp-content\/uploads\/2014\/10\/CHAMADADOSITE-342x227.jpg 342w\" sizes=\"(max-width: 600px) 100vw, 600px\" \/><\/a><p id=\"caption-attachment-71021\" class=\"wp-caption-text\">Com investimentos na ordem de R$ 1.459.490,89, o estabelecimento infantil vem atender uma demanda dos moradores sancristovenses, pleiteada durante a elabora\u00e7\u00e3o do planejamento participativo, e, beneficiar\u00e1 diretamente noventa pais de fam\u00edlias. (Foto: Ascom\/Sedurb)<\/p><\/div>\n<p style=\"text-align: justify;\">Cumprindo os procedimentos legais, representantes da Sedurb entregaram oficialmente \u00e0 Prefeitura Municipal de S\u00e3o Crist\u00f3v\u00e3o a Creche Comunit\u00e1ria Neuza Oliveira Andrade. Ap\u00f3s a vistoria dos reparos executados na unidade infantil, sob a responsabilidade da empresa Ribeiro Grupo de Servi\u00e7os &amp; Constru\u00e7\u00f5es, foi constatado que os servi\u00e7os atenderam as exig\u00eancias contratuais, podendo a Prefeitura Municipal a partir de ent\u00e3o coloc\u00e1-la em funcionamento.<\/p>\n<p style=\"text-align: justify;\">Com investimentos na ordem de R$ 1.459.490,89, o estabelecimento infantil vem atender uma demanda dos moradores sancristovenses, pleiteada durante a elabora\u00e7\u00e3o do planejamento participativo, e, beneficiar\u00e1 diretamente noventa pais de fam\u00edlias, que muito em breve ter\u00e3o um local seguro e confort\u00e1vel para deixar seus filhos menores, enquanto batalham diariamente pelo sustento de toda a fam\u00edlia.<\/p>\n<p style=\"text-align: justify;\"><strong>Conforto, seguran\u00e7a e bem estar<\/strong><\/p>\n<p style=\"text-align: justify;\">Situada na Rua A1 S\/N do bairro Alto do Santo Ant\u00f4nio e ocupando uma \u00e1rea total de 2.254 m\u00b2, sendo que desta, 785,50 m\u00b2 \u00e9 constru\u00edda, a creche possui cinco salas de aula, secretaria, sala de dire\u00e7\u00e3o,de professores, enfermaria, frald\u00e1rio, lact\u00e1rio, ber\u00e7\u00e1rio, sala de guardar, \u00e1rea de circula\u00e7\u00e3o coberta, \u00e1rea de recreio descoberta, refeit\u00f3rio, cozinha, despensa, dep\u00f3sito de material de limpeza (DML), banheiros masculino e feminino (adulto e infantil) e para pessoas com dificuldades de locomo\u00e7\u00e3o e duas \u00e1rea de servi\u00e7o.<\/p>\n<div id=\"attachment_71022\" style=\"width: 610px\" class=\"wp-caption aligncenter\"><a href=\"http:\/\/senoticias.com.br\/se\/wp-content\/uploads\/2014\/10\/11AdvogadadaSedurbassinaotermodeentrega.jpg\"><img loading=\"lazy\" decoding=\"async\" aria-describedby=\"caption-attachment-71022\" class=\"size-full wp-image-71022\" alt=\" O secret\u00e1rio de Estado do Desenvolvimento Urbano, Carlos Fernandes de Melo Neto.(Foto: Ascom\/Sedurb)\" src=\"http:\/\/senoticias.com.br\/se\/wp-content\/uploads\/2014\/10\/11AdvogadadaSedurbassinaotermodeentrega.jpg\" width=\"600\" height=\"399\" srcset=\"https:\/\/senoticias.com.br\/se\/wp-content\/uploads\/2014\/10\/11AdvogadadaSedurbassinaotermodeentrega.jpg 600w, https:\/\/senoticias.com.br\/se\/wp-content\/uploads\/2014\/10\/11AdvogadadaSedurbassinaotermodeentrega-300x199.jpg 300w, https:\/\/senoticias.com.br\/se\/wp-content\/uploads\/2014\/10\/11AdvogadadaSedurbassinaotermodeentrega-342x227.jpg 342w\" sizes=\"(max-width: 600px) 100vw, 600px\" \/><\/a><p id=\"caption-attachment-71022\" class=\"wp-caption-text\"><br \/>O secret\u00e1rio de Estado do Desenvolvimento Urbano, Carlos Fernandes de Melo Neto.(Foto: Ascom\/Sedurb)<\/p><\/div>\n<p style=\"text-align: justify;\">A creche atende os padr\u00f5es exigidos e funcionar\u00e1 como um segundo lar para as crian\u00e7as. Tanto as salas de aula quanto as \u00e1reas de circula\u00e7\u00e3o s\u00e3o bastante espa\u00e7osas, o que assegura comodidade para os pequeninos. A natureza se mant\u00e9m presente por meio do gramado verde-esmeralda n\u00e3o apenas no parquinho, como tamb\u00e9m em outros espa\u00e7os abertos, sem contar que as normas de acessibilidade seguem os padr\u00f5es estabelecidos.<\/p>\n<div id=\"attachment_71024\" style=\"width: 185px\" class=\"wp-caption alignright\"><a href=\"http:\/\/senoticias.com.br\/se\/wp-content\/uploads\/2014\/10\/16CarlosMeloEssaeaquartacrecheentreguepeloProgramaSergipeCidades1.jpg\"><img loading=\"lazy\" decoding=\"async\" aria-describedby=\"caption-attachment-71024\" class=\"size-medium wp-image-71024\" alt=\" O secret\u00e1rio de Estado do Desenvolvimento Urbano, Carlos Fernandes de Melo Neto.(Foto: Ascom\/Sedurb)\" src=\"http:\/\/senoticias.com.br\/se\/wp-content\/uploads\/2014\/10\/16CarlosMeloEssaeaquartacrecheentreguepeloProgramaSergipeCidades1-175x300.jpg\" width=\"175\" height=\"300\" srcset=\"https:\/\/senoticias.com.br\/se\/wp-content\/uploads\/2014\/10\/16CarlosMeloEssaeaquartacrecheentreguepeloProgramaSergipeCidades1-175x300.jpg 175w, https:\/\/senoticias.com.br\/se\/wp-content\/uploads\/2014\/10\/16CarlosMeloEssaeaquartacrecheentreguepeloProgramaSergipeCidades1-342x584.jpg 342w, https:\/\/senoticias.com.br\/se\/wp-content\/uploads\/2014\/10\/16CarlosMeloEssaeaquartacrecheentreguepeloProgramaSergipeCidades1-300x512.jpg 300w, https:\/\/senoticias.com.br\/se\/wp-content\/uploads\/2014\/10\/16CarlosMeloEssaeaquartacrecheentreguepeloProgramaSergipeCidades1.jpg 410w\" sizes=\"(max-width: 175px) 100vw, 175px\" \/><\/a><p id=\"caption-attachment-71024\" class=\"wp-caption-text\"><br \/>O secret\u00e1rio de Estado do Desenvolvimento Urbano, Carlos Fernandes de Melo Neto.(Foto: Ascom\/Sedurb)<\/p><\/div>\n<p style=\"text-align: justify;\">A ilumina\u00e7\u00e3o \u00e9 composta por modernas lumin\u00e1rias em todos os ambientes, al\u00e9m de arandelas na parte externa. Todos os espa\u00e7os foram muito bem distribu\u00eddos. Al\u00e9m de a \u00e1rea interna ter sido bem planejada, a externa se destaca por possuir um amplo estacionamento, dois reservat\u00f3rios de \u00e1gua com capacidade para 25 mil litros, central de g\u00e1s, central de lixo, calhas no filtro da fossa e grades em todas as janelas.<\/p>\n<p><strong>Educa\u00e7\u00e3o acima de tudo<\/strong><\/p>\n<p style=\"text-align: justify;\">Segundo o secret\u00e1rio de Estado do Desenvolvimento Urbano, Carlos Fernandes de Melo Neto, tamb\u00e9m faz parte do Sergipe Cidades incluir a educa\u00e7\u00e3o no eixo do desenvolvimento social adotado pelo programa. \u201cCada esfera governamental sabe das suas responsabilidades no tocante a educa\u00e7\u00e3o, mas o governador de Sergipe entende que o ensino infantil \u00e9 a base para um futuro promissor e por isso contribui de maneira primordial com os munic\u00edpios plantando sementes que daqui a alguns anos dar\u00e3o bons frutos. Essa \u00e9 a quarta creche entregue pelo programa, o que reafirma o compromisso em cuidar das pessoas desde cedo para que elas se tornem cidad\u00e3os ainda melhores\u201d, ressalta.<\/p>\n<p><strong>Siga o SE Not\u00edcias pelo <a href=\" https:\/\/twitter.com\/Senoticias\" target=\"_blank\">Twitter<\/a> e curta no <a href=\" https:\/\/www.facebook.com\/PortalSENoticias\" target=\"_blank\">Facebook<\/a><\/strong><\/p>\n<p><strong><em>Da Ag\u00eancia Sergipe de Not\u00edcias<\/em><\/strong><\/p>\n","protected":false},"excerpt":{"rendered":"<p>Fortalecer o desenvolvimento social \u00e9 tamb\u00e9m uma das principais metas do Programa Sergipe Cidades. Resultado da parceria firmada entre o Banco Nacional do Desenvolvimento Econ\u00f4mico e Social (BNDES) e o Governo de Sergipe, o programa \u00e9 executado pela Secretaria de Estado do Desenvolvimento Urbano (Sedurb), e desde sua implanta\u00e7\u00e3o vem transformando para melhor a vida [&hellip;]<\/p>\n","protected":false},"author":1,"featured_media":71021,"comment_status":"closed","ping_status":"closed","sticky":false,"template":"","format":"standard","meta":{"footnotes":""},"categories":[6],"tags":[],"class_list":{"0":"post-71020","1":"post","2":"type-post","3":"status-publish","4":"format-standard","5":"has-post-thumbnail","7":"category-politica"},"_links":{"self":[{"href":"https:\/\/senoticias.com.br\/se\/wp-json\/wp\/v2\/posts\/71020"}],"collection":[{"href":"https:\/\/senoticias.com.br\/se\/wp-json\/wp\/v2\/posts"}],"about":[{"href":"https:\/\/senoticias.com.br\/se\/wp-json\/wp\/v2\/types\/post"}],"author":[{"embeddable":true,"href":"https:\/\/senoticias.com.br\/se\/wp-json\/wp\/v2\/users\/1"}],"replies":[{"embeddable":true,"href":"https:\/\/senoticias.com.br\/se\/wp-json\/wp\/v2\/comments?post=71020"}],"version-history":[{"count":0,"href":"https:\/\/senoticias.com.br\/se\/wp-json\/wp\/v2\/posts\/71020\/revisions"}],"wp:featuredmedia":[{"embeddable":true,"href":"https:\/\/senoticias.com.br\/se\/wp-json\/wp\/v2\/media\/71021"}],"wp:attachment":[{"href":"https:\/\/senoticias.com.br\/se\/wp-json\/wp\/v2\/media?parent=71020"}],"wp:term":[{"taxonomy":"category","embeddable":true,"href":"https:\/\/senoticias.com.br\/se\/wp-json\/wp\/v2\/categories?post=71020"},{"taxonomy":"post_tag","embeddable":true,"href":"https:\/\/senoticias.com.br\/se\/wp-json\/wp\/v2\/tags?post=71020"}],"curies":[{"name":"wp","href":"https:\/\/api.w.org\/{rel}","templated":true}]}}