{"id":71016,"date":"2014-10-09T15:53:02","date_gmt":"2014-10-09T18:53:02","guid":{"rendered":"http:\/\/senoticias.com.br\/se\/?p=71016"},"modified":"2014-10-09T15:53:02","modified_gmt":"2014-10-09T18:53:02","slug":"bombeiros-seguem-nas-buscas-por-naufragos-no-rio-sergipe","status":"publish","type":"post","link":"https:\/\/senoticias.com.br\/se\/bombeiros-seguem-nas-buscas-por-naufragos-no-rio-sergipe\/","title":{"rendered":"Bombeiros seguem nas buscas por n\u00e1ufragos no rio Sergipe"},"content":{"rendered":"<div id=\"attachment_71012\" style=\"width: 510px\" class=\"wp-caption aligncenter\"><a href=\"http:\/\/senoticias.com.br\/se\/wp-content\/uploads\/2014\/10\/1_news_66_3bfa32e7f1aa3e512a78fd6688ef8ff8.jpg\"><img loading=\"lazy\" decoding=\"async\" aria-describedby=\"caption-attachment-71012\" class=\"size-full wp-image-71012\" alt=\"Bombeiros tamb\u00e9m participam da opera\u00e7\u00e3o com botes e jet sky. (Foto: CBMSE)\" src=\"http:\/\/senoticias.com.br\/se\/wp-content\/uploads\/2014\/10\/1_news_66_3bfa32e7f1aa3e512a78fd6688ef8ff8.jpg\" width=\"500\" height=\"280\" srcset=\"https:\/\/senoticias.com.br\/se\/wp-content\/uploads\/2014\/10\/1_news_66_3bfa32e7f1aa3e512a78fd6688ef8ff8.jpg 500w, https:\/\/senoticias.com.br\/se\/wp-content\/uploads\/2014\/10\/1_news_66_3bfa32e7f1aa3e512a78fd6688ef8ff8-300x168.jpg 300w, https:\/\/senoticias.com.br\/se\/wp-content\/uploads\/2014\/10\/1_news_66_3bfa32e7f1aa3e512a78fd6688ef8ff8-342x191.jpg 342w\" sizes=\"(max-width: 500px) 100vw, 500px\" \/><\/a><p id=\"caption-attachment-71012\" class=\"wp-caption-text\">Bombeiros participam da opera\u00e7\u00e3o com botes e jet sky. (Foto: CBMSE)<\/p><\/div>\n<p style=\"text-align: justify;\">Ap\u00f3s 48 horas, o Corpo de Bombeiros segue com buscas pelos dois pescadores que desapareceram nas \u00e1guas do rio Sergipe na \u00faltima ter\u00e7a-feira 7, nas proximidades da ponte Aracaju-Barra. A embarca\u00e7\u00e3o de pesca afundou deixando cinco tripulantes \u00e0 deriva, apenas tr\u00eas conseguiram ser resgatados.<\/p>\n<p style=\"text-align: justify;\">O trabalho de busca \u00e9 feito em parceria com os Bombeiros, Marinha do Brasil e Capitania dos Portos de Sergipe. Ao total 20 militares, al\u00e9m de tr\u00eas embarca\u00e7\u00f5es e um jet sky colaboram com a opera\u00e7\u00e3o de resgate dos n\u00e1ufragos.<\/p>\n<p style=\"text-align: justify;\">As buscas foram interrompidas v\u00e1rias vezes, e com a agita\u00e7\u00e3o das \u00e1guas do rio Sergipe o trabalho das equipes ficou dificultoso.<\/p>\n<p style=\"text-align: justify;\">Ainda n\u00e3o h\u00e1 previs\u00e3o de encerramento total das buscas, nem novidades em rela\u00e7\u00e3o a esta quinta-feira, 9.<\/p>\n<p style=\"text-align: justify;\"><em>Por Lohan Muller<\/em><\/p>\n<p style=\"text-align: justify;\"><strong>Siga o SE Not\u00edcias pelo <a href=\"https:\/\/twitter.com\/Senoticias\" target=\"_blank\">Twitter <\/a>e curta pelo <a href=\"https:\/\/www.facebook.com\/PortalSENoticias\" target=\"_blank\">Facebook<\/a><\/strong><\/p>\n","protected":false},"excerpt":{"rendered":"<p>Ap\u00f3s 48 horas, o Corpo de Bombeiros segue com buscas pelos dois pescadores que desapareceram nas \u00e1guas do rio Sergipe na \u00faltima ter\u00e7a-feira 7, nas proximidades da ponte Aracaju-Barra. A embarca\u00e7\u00e3o de pesca afundou deixando cinco tripulantes \u00e0 deriva, apenas tr\u00eas conseguiram ser resgatados. O trabalho de busca \u00e9 feito em parceria com os Bombeiros, [&hellip;]<\/p>\n","protected":false},"author":1,"featured_media":71012,"comment_status":"closed","ping_status":"closed","sticky":false,"template":"","format":"standard","meta":{"footnotes":""},"categories":[38],"tags":[],"class_list":{"0":"post-71016","1":"post","2":"type-post","3":"status-publish","4":"format-standard","5":"has-post-thumbnail","7":"category-municipios"},"_links":{"self":[{"href":"https:\/\/senoticias.com.br\/se\/wp-json\/wp\/v2\/posts\/71016"}],"collection":[{"href":"https:\/\/senoticias.com.br\/se\/wp-json\/wp\/v2\/posts"}],"about":[{"href":"https:\/\/senoticias.com.br\/se\/wp-json\/wp\/v2\/types\/post"}],"author":[{"embeddable":true,"href":"https:\/\/senoticias.com.br\/se\/wp-json\/wp\/v2\/users\/1"}],"replies":[{"embeddable":true,"href":"https:\/\/senoticias.com.br\/se\/wp-json\/wp\/v2\/comments?post=71016"}],"version-history":[{"count":0,"href":"https:\/\/senoticias.com.br\/se\/wp-json\/wp\/v2\/posts\/71016\/revisions"}],"wp:featuredmedia":[{"embeddable":true,"href":"https:\/\/senoticias.com.br\/se\/wp-json\/wp\/v2\/media\/71012"}],"wp:attachment":[{"href":"https:\/\/senoticias.com.br\/se\/wp-json\/wp\/v2\/media?parent=71016"}],"wp:term":[{"taxonomy":"category","embeddable":true,"href":"https:\/\/senoticias.com.br\/se\/wp-json\/wp\/v2\/categories?post=71016"},{"taxonomy":"post_tag","embeddable":true,"href":"https:\/\/senoticias.com.br\/se\/wp-json\/wp\/v2\/tags?post=71016"}],"curies":[{"name":"wp","href":"https:\/\/api.w.org\/{rel}","templated":true}]}}