{"id":71009,"date":"2014-10-09T14:32:31","date_gmt":"2014-10-09T17:32:31","guid":{"rendered":"http:\/\/senoticias.com.br\/se\/?p=71009"},"modified":"2014-10-09T14:32:31","modified_gmt":"2014-10-09T17:32:31","slug":"propaganda-eleitoral-volta-ao-ar-hoje-a-noite","status":"publish","type":"post","link":"https:\/\/senoticias.com.br\/se\/propaganda-eleitoral-volta-ao-ar-hoje-a-noite\/","title":{"rendered":"Propaganda eleitoral volta ao ar hoje \u00e0 noite"},"content":{"rendered":"<div id=\"attachment_68702\" style=\"width: 310px\" class=\"wp-caption alignright\"><a href=\"http:\/\/senoticias.com.br\/se\/wp-content\/uploads\/2014\/08\/horario_eleitoral1.jpg\"><img loading=\"lazy\" decoding=\"async\" aria-describedby=\"caption-attachment-68702\" class=\"size-medium wp-image-68702\" alt=\"Ser\u00e3o 40 minutos de propaganda divididos entre os candidatos. (Foto: Divulga\u00e7\u00e3o)  \" src=\"http:\/\/senoticias.com.br\/se\/wp-content\/uploads\/2014\/08\/horario_eleitoral1-300x197.jpg\" width=\"300\" height=\"197\" srcset=\"https:\/\/senoticias.com.br\/se\/wp-content\/uploads\/2014\/08\/horario_eleitoral1-300x197.jpg 300w, https:\/\/senoticias.com.br\/se\/wp-content\/uploads\/2014\/08\/horario_eleitoral1-342x225.jpg 342w, https:\/\/senoticias.com.br\/se\/wp-content\/uploads\/2014\/08\/horario_eleitoral1.jpg 841w\" sizes=\"(max-width: 300px) 100vw, 300px\" \/><\/a><p id=\"caption-attachment-68702\" class=\"wp-caption-text\">Ser\u00e3o 40 minutos de propaganda divididos entre os candidatos. (Foto: Divulga\u00e7\u00e3o)<\/p><\/div>\n<p style=\"text-align: justify;\">A propaganda eleitoral na televis\u00e3o ser\u00e1 retomada amanh\u00e3,9, \u00e0s 20h30. No r\u00e1dio, recome\u00e7a na sexta-feira,10, \u00e0s 7h. O tempo para cada candidato \u00e0 Presid\u00eancia da Rep\u00fablica ser\u00e1 igual no segundo turno. Dilma Rousseff (PT) e A\u00e9cio Neves (PSDB) ter\u00e3o dez minutos cada.<\/p>\n<p style=\"text-align: justify;\">Dilma Rousseff ser\u00e1 a primeira a se apresentar, porque teve a maior vota\u00e7\u00e3o no primeiro turno. A partir da\u00ed, a ordem dos candidatos ser\u00e1 alternada. Quando terminar o tempo de Dilma e A\u00e9cio, come\u00e7a a propaganda dos candidatos que disputam 13 governos estaduais e do Distrito Federal, em segundo turno.<\/p>\n<p style=\"text-align: justify;\">Ser\u00e3o 40 minutos de propaganda divididos entre os candidatos em dois per\u00edodos de 20 minutos, diariamente, incluindo os domingos. No r\u00e1dio, a propaganda vai ao ar \u00e0s 7h e ao meio-dia. Na televis\u00e3o, \u00e0s 13h e \u00e0s 20h30. A propaganda segue at\u00e9 o dia 24 de outubro, dois dias antes do segundo turno das elei\u00e7\u00f5es.<\/p>\n<p style=\"text-align: justify;\"><em>Fonte: Ag\u00eancia Brasil<\/em><\/p>\n<p style=\"text-align: justify;\"><strong>Siga o SE Not\u00edcias pelo <a href=\"https:\/\/twitter.com\/Senoticias\" target=\"_blank\">Twitter<\/a> e curta pelo <a href=\"https:\/\/www.facebook.com\/PortalSENoticias\" target=\"_blank\">Facebook<\/a><\/strong><\/p>\n","protected":false},"excerpt":{"rendered":"<p>A propaganda eleitoral na televis\u00e3o ser\u00e1 retomada amanh\u00e3,9, \u00e0s 20h30. No r\u00e1dio, recome\u00e7a na sexta-feira,10, \u00e0s 7h. O tempo para cada candidato \u00e0 Presid\u00eancia da Rep\u00fablica ser\u00e1 igual no segundo turno. Dilma Rousseff (PT) e A\u00e9cio Neves (PSDB) ter\u00e3o dez minutos cada. Dilma Rousseff ser\u00e1 a primeira a se apresentar, porque teve a maior vota\u00e7\u00e3o [&hellip;]<\/p>\n","protected":false},"author":1,"featured_media":68702,"comment_status":"closed","ping_status":"closed","sticky":false,"template":"","format":"standard","meta":{"footnotes":""},"categories":[6],"tags":[],"class_list":{"0":"post-71009","1":"post","2":"type-post","3":"status-publish","4":"format-standard","5":"has-post-thumbnail","7":"category-politica"},"_links":{"self":[{"href":"https:\/\/senoticias.com.br\/se\/wp-json\/wp\/v2\/posts\/71009"}],"collection":[{"href":"https:\/\/senoticias.com.br\/se\/wp-json\/wp\/v2\/posts"}],"about":[{"href":"https:\/\/senoticias.com.br\/se\/wp-json\/wp\/v2\/types\/post"}],"author":[{"embeddable":true,"href":"https:\/\/senoticias.com.br\/se\/wp-json\/wp\/v2\/users\/1"}],"replies":[{"embeddable":true,"href":"https:\/\/senoticias.com.br\/se\/wp-json\/wp\/v2\/comments?post=71009"}],"version-history":[{"count":0,"href":"https:\/\/senoticias.com.br\/se\/wp-json\/wp\/v2\/posts\/71009\/revisions"}],"wp:featuredmedia":[{"embeddable":true,"href":"https:\/\/senoticias.com.br\/se\/wp-json\/wp\/v2\/media\/68702"}],"wp:attachment":[{"href":"https:\/\/senoticias.com.br\/se\/wp-json\/wp\/v2\/media?parent=71009"}],"wp:term":[{"taxonomy":"category","embeddable":true,"href":"https:\/\/senoticias.com.br\/se\/wp-json\/wp\/v2\/categories?post=71009"},{"taxonomy":"post_tag","embeddable":true,"href":"https:\/\/senoticias.com.br\/se\/wp-json\/wp\/v2\/tags?post=71009"}],"curies":[{"name":"wp","href":"https:\/\/api.w.org\/{rel}","templated":true}]}}