{"id":71006,"date":"2014-10-09T14:22:23","date_gmt":"2014-10-09T17:22:23","guid":{"rendered":"http:\/\/senoticias.com.br\/se\/?p=71006"},"modified":"2014-10-09T14:23:49","modified_gmt":"2014-10-09T17:23:49","slug":"festa-dos-lambe-sujos-e-caboclinhos-sera-no-domingo-em-laranjeiras","status":"publish","type":"post","link":"https:\/\/senoticias.com.br\/se\/festa-dos-lambe-sujos-e-caboclinhos-sera-no-domingo-em-laranjeiras\/","title":{"rendered":"Festa dos Lambe-Sujos e Caboclinhos ser\u00e1 no domingo em Laranjeiras"},"content":{"rendered":"<div id=\"attachment_71007\" style=\"width: 568px\" class=\"wp-caption aligncenter\"><a href=\"http:\/\/senoticias.com.br\/se\/wp-content\/uploads\/2014\/10\/lambre_sujo_foto_bruno_cesar.jpg\"><img loading=\"lazy\" decoding=\"async\" aria-describedby=\"caption-attachment-71007\" class=\" wp-image-71007  \" alt=\"Festa dos Lambe-Sujos e Caboclinhos acontece no domingo em Laranjeiras (Foto: Bruno C\u00e9sar\/Divulga\u00e7\u00e3o)\" src=\"http:\/\/senoticias.com.br\/se\/wp-content\/uploads\/2014\/10\/lambre_sujo_foto_bruno_cesar.jpg\" width=\"558\" height=\"419\" srcset=\"https:\/\/senoticias.com.br\/se\/wp-content\/uploads\/2014\/10\/lambre_sujo_foto_bruno_cesar.jpg 620w, https:\/\/senoticias.com.br\/se\/wp-content\/uploads\/2014\/10\/lambre_sujo_foto_bruno_cesar-300x225.jpg 300w, https:\/\/senoticias.com.br\/se\/wp-content\/uploads\/2014\/10\/lambre_sujo_foto_bruno_cesar-342x256.jpg 342w, https:\/\/senoticias.com.br\/se\/wp-content\/uploads\/2014\/10\/lambre_sujo_foto_bruno_cesar-60x45.jpg 60w, https:\/\/senoticias.com.br\/se\/wp-content\/uploads\/2014\/10\/lambre_sujo_foto_bruno_cesar-150x113.jpg 150w, https:\/\/senoticias.com.br\/se\/wp-content\/uploads\/2014\/10\/lambre_sujo_foto_bruno_cesar-269x201.jpg 269w\" sizes=\"(max-width: 558px) 100vw, 558px\" \/><\/a><p id=\"caption-attachment-71007\" class=\"wp-caption-text\">Festa dos Lambe-Sujos e Caboclinhos acontece no domingo em Laranjeiras (Foto: Bruno C\u00e9sar\/Divulga\u00e7\u00e3o)<\/p><\/div>\n<p style=\"text-align: justify;\">A tradicional Festa dos Lambe-Sujos e Caboclinhos acontece no domingo (12) no munic\u00edpio de Laranjeiras, a 27 km de Aracaju (SE). O maracatu dita o ritmo da folia de d\u00e9cadas que fica completa com a brincadeira de \u2018sujar\u2019 as pessoas.<\/p>\n<p style=\"text-align: justify;\">Segundo a defini\u00e7\u00e3o da Prefeitura de Laranjeiras, essa manifesta\u00e7\u00e3o cultural representa a luta entre negros dos quilombos, os lambe-sujos, contra os \u00edndios, os caboclinhos, que eram mandados pelos brancos para destru\u00edrem os quilombos.<\/p>\n<p style=\"text-align: justify;\">Os lambe-sujos pintam os corpos de tinta preta, vestem cal\u00e7\u00f5es e gorros vermelhos e usam uma foice de madeira como arma, s\u00edmbolo do trabalho no canavial. J\u00e1 os caboclinhos t\u00eam os corpos pintados de vermelho, usam cocares e saiotes de penas, pulseiras e colares e usam arcos e flechas.<\/p>\n<p style=\"text-align: justify;\">O in\u00edcio da festa ser\u00e1 por volta das 4h30 do domingo (12) com a alvorada de fogos de artif\u00edcio e o primeiro encontro do grupo dos negros na casa do rei. De l\u00e1, eles saem \u00e0 feira para arrecadar os mantimentos para a realiza\u00e7\u00e3o da feijoada que ser\u00e1 servida ao meio-dia.<\/p>\n<p style=\"text-align: justify;\"><strong>Confira a programa\u00e7\u00e3o da representa\u00e7\u00e3o cultural:<\/strong><\/p>\n<p style=\"text-align: justify;\">4h30 &#8211; Alvorada dos lambe-sujos em seguida cortejo pelas ruas da cidade (sa\u00edda da Barraca no Largo do Quaresma);<br \/>\n9h &#8211; Cortejos dos lambe-sujos e caboclinhos pelas ruas em dire\u00e7\u00e3o a Igreja Matriz, onde ocorrer\u00e1 a b\u00ean\u00e7\u00e3o dos grupos.<br \/>\n17h &#8211; Combate entre os lambe-sujos x caboclinhos no Largo do Quaresma.<\/p>\n<p style=\"text-align: justify;\"><em>Com informa\u00e7\u00f5es do G1SE<\/em><\/p>\n<p style=\"text-align: justify;\"><strong>Siga o SE Not\u00edcias pelo <a href=\"https:\/\/twitter.com\/Senoticias\" target=\"_blank\">Twitter <\/a>e curta pelo<a href=\"https:\/\/www.facebook.com\/PortalSENoticias\" target=\"_blank\"> Facebook<\/a><\/strong><\/p>\n","protected":false},"excerpt":{"rendered":"<p>A tradicional Festa dos Lambe-Sujos e Caboclinhos acontece no domingo (12) no munic\u00edpio de Laranjeiras, a 27 km de Aracaju (SE). O maracatu dita o ritmo da folia de d\u00e9cadas que fica completa com a brincadeira de \u2018sujar\u2019 as pessoas. Segundo a defini\u00e7\u00e3o da Prefeitura de Laranjeiras, essa manifesta\u00e7\u00e3o cultural representa a luta entre negros [&hellip;]<\/p>\n","protected":false},"author":1,"featured_media":71007,"comment_status":"closed","ping_status":"closed","sticky":false,"template":"","format":"standard","meta":{"footnotes":""},"categories":[38],"tags":[],"class_list":{"0":"post-71006","1":"post","2":"type-post","3":"status-publish","4":"format-standard","5":"has-post-thumbnail","7":"category-municipios"},"_links":{"self":[{"href":"https:\/\/senoticias.com.br\/se\/wp-json\/wp\/v2\/posts\/71006"}],"collection":[{"href":"https:\/\/senoticias.com.br\/se\/wp-json\/wp\/v2\/posts"}],"about":[{"href":"https:\/\/senoticias.com.br\/se\/wp-json\/wp\/v2\/types\/post"}],"author":[{"embeddable":true,"href":"https:\/\/senoticias.com.br\/se\/wp-json\/wp\/v2\/users\/1"}],"replies":[{"embeddable":true,"href":"https:\/\/senoticias.com.br\/se\/wp-json\/wp\/v2\/comments?post=71006"}],"version-history":[{"count":0,"href":"https:\/\/senoticias.com.br\/se\/wp-json\/wp\/v2\/posts\/71006\/revisions"}],"wp:featuredmedia":[{"embeddable":true,"href":"https:\/\/senoticias.com.br\/se\/wp-json\/wp\/v2\/media\/71007"}],"wp:attachment":[{"href":"https:\/\/senoticias.com.br\/se\/wp-json\/wp\/v2\/media?parent=71006"}],"wp:term":[{"taxonomy":"category","embeddable":true,"href":"https:\/\/senoticias.com.br\/se\/wp-json\/wp\/v2\/categories?post=71006"},{"taxonomy":"post_tag","embeddable":true,"href":"https:\/\/senoticias.com.br\/se\/wp-json\/wp\/v2\/tags?post=71006"}],"curies":[{"name":"wp","href":"https:\/\/api.w.org\/{rel}","templated":true}]}}