{"id":70516,"date":"2014-09-27T10:12:56","date_gmt":"2014-09-27T13:12:56","guid":{"rendered":"http:\/\/senoticias.com.br\/se\/?p=70516"},"modified":"2014-09-27T12:07:42","modified_gmt":"2014-09-27T15:07:42","slug":"religiao-hoje-e-dia-de-sao-cosme-e-damiao","status":"publish","type":"post","link":"https:\/\/senoticias.com.br\/se\/religiao-hoje-e-dia-de-sao-cosme-e-damiao\/","title":{"rendered":"Religi\u00e3o: Hoje \u00e9 dia de S\u00e3o Cosme e Dami\u00e3o"},"content":{"rendered":"<p style=\"text-align: justify;\">Neste s\u00e1bado 27 de setembro, os adeptos do catolicismo e do candombl\u00e9 celebram o dia dos g\u00eameos Cosme e Dami\u00e3o, que s\u00e3o considerados os protetores das crian\u00e7as, dos m\u00e9dicos e dos farmac\u00eauticos.<\/p>\n<div id=\"attachment_70517\" style=\"width: 586px\" class=\"wp-caption aligncenter\"><a href=\"http:\/\/senoticias.com.br\/se\/wp-content\/uploads\/2014\/09\/cosme-e-damiao.jpg\"><img loading=\"lazy\" decoding=\"async\" aria-describedby=\"caption-attachment-70517\" class=\" wp-image-70517 \" alt=\"No dia 27 de setembro \u00e9 comemorado dia dos santos g\u00eameos Cosme e Dami\u00e3o. (Foto: Divulga\u00e7\u00e3o) \" src=\"http:\/\/senoticias.com.br\/se\/wp-content\/uploads\/2014\/09\/cosme-e-damiao.jpg\" width=\"576\" height=\"432\" srcset=\"https:\/\/senoticias.com.br\/se\/wp-content\/uploads\/2014\/09\/cosme-e-damiao.jpg 640w, https:\/\/senoticias.com.br\/se\/wp-content\/uploads\/2014\/09\/cosme-e-damiao-300x225.jpg 300w, https:\/\/senoticias.com.br\/se\/wp-content\/uploads\/2014\/09\/cosme-e-damiao-342x256.jpg 342w, https:\/\/senoticias.com.br\/se\/wp-content\/uploads\/2014\/09\/cosme-e-damiao-60x45.jpg 60w, https:\/\/senoticias.com.br\/se\/wp-content\/uploads\/2014\/09\/cosme-e-damiao-150x113.jpg 150w, https:\/\/senoticias.com.br\/se\/wp-content\/uploads\/2014\/09\/cosme-e-damiao-269x201.jpg 269w\" sizes=\"(max-width: 576px) 100vw, 576px\" \/><\/a><p id=\"caption-attachment-70517\" class=\"wp-caption-text\">No dia 27 de setembro \u00e9 comemorado dia dos santos g\u00eameos Cosme e Dami\u00e3o. (Foto: Divulga\u00e7\u00e3o)<\/p><\/div>\n<p style=\"text-align: justify;\">Como \u00e9 de costume, nesse dia os terreiros de candombl\u00e9 e fi\u00e9is de v\u00e1rias cren\u00e7as distribuem caruru em comemora\u00e7\u00e3o ao anivers\u00e1rio dos orix\u00e1s Ibejis (No sincretismo S\u00e3o Comes e Dami\u00e3o), como s\u00e3o conhecidos os filhos g\u00eameos dos orix\u00e1s Xang\u00f4 e Ians\u00e3. O caruru \u00e9 doado geralmente como pagamentos de promessas, oferendas ou penit\u00eancias.<\/p>\n<p style=\"text-align: justify;\">Essa tradi\u00e7\u00e3o secular foi trazida ao Brasil pelos cat\u00f3licos portugueses e se misturou com entidades africanas com a chegada dos negros da \u00c1frica. Para as crian\u00e7as, o dia de S\u00e3o Cosme e Dami\u00e3o \u00e9 dia de sair na rua para pegar doces e brinquedos que s\u00e3o doados por seus devotos que mant\u00e9m a tradi\u00e7\u00e3o tanto na igreja cat\u00f3lica, quanto sincretismo religioso.<\/p>\n<p style=\"text-align: justify;\">Na capital sergipana, as homenagens ao protetor das crian\u00e7as acontecem no Bairro Olaria, na Zona Norte de Aracaju, onde fica situada a primeira e \u00fanica igreja cat\u00f3lica de Sergipe que leva o nome dos santos g\u00eameos.<\/p>\n<p style=\"text-align: justify;\">J\u00e1 nos terreiros, de Candombl\u00e9 ou Umbanda \u00e0s homenagens pode variar de casa para casa, mesmo com cada particularidade o objetivo \u00e9 sempre o mesmo: festejar os santos que ficaram conhecidos por sua simplicidade e inoc\u00eancia.<\/p>\n<p style=\"text-align: justify;\"><strong>Os Santos<\/strong><\/p>\n<p style=\"text-align: justify;\">S\u00e3o Cosme e S\u00e3o Dami\u00e3o eram irm\u00e3os g\u00eameos e m\u00e9dicos e viveram no Oriente. Ap\u00f3s a convers\u00e3o, eles passaram a ser mission\u00e1rios. Foram perseguidos e presos no ano 300 da era crist\u00e3. Por se recusarem a abandonar a f\u00e9, foram decapitados.<\/p>\n<p style=\"text-align: justify;\">Os cat\u00f3licos costumam celebrar Cosme e Dami\u00e3o no dia 26 de setembro. No dia 27, os rituais s\u00e3o das religi\u00f5es afro-brasileiras. J\u00e1 a igreja ortodoxa realiza seus festejos no dia 1\u00ba de novembro.<\/p>\n<p style=\"text-align: justify;\"><em>Por Lohan Muller<\/em><\/p>\n<p style=\"text-align: justify;\"><strong>Siga o SE Not\u00edcias pelo <a href=\"https:\/\/twitter.com\/Senoticias\" target=\"_blank\">Twitter<\/a> e curta pelo <a href=\"https:\/\/www.facebook.com\/PortalSENoticias\" target=\"_blank\">Facebook<\/a><\/strong><\/p>\n","protected":false},"excerpt":{"rendered":"<p>Neste s\u00e1bado 27 de setembro, os adeptos do catolicismo e do candombl\u00e9 celebram o dia dos g\u00eameos Cosme e Dami\u00e3o, que s\u00e3o considerados os protetores das crian\u00e7as, dos m\u00e9dicos e dos farmac\u00eauticos. Como \u00e9 de costume, nesse dia os terreiros de candombl\u00e9 e fi\u00e9is de v\u00e1rias cren\u00e7as distribuem caruru em comemora\u00e7\u00e3o ao anivers\u00e1rio dos orix\u00e1s [&hellip;]<\/p>\n","protected":false},"author":1,"featured_media":70517,"comment_status":"closed","ping_status":"closed","sticky":false,"template":"","format":"standard","meta":{"footnotes":""},"categories":[46],"tags":[],"class_list":{"0":"post-70516","1":"post","2":"type-post","3":"status-publish","4":"format-standard","5":"has-post-thumbnail","7":"category-religiao"},"_links":{"self":[{"href":"https:\/\/senoticias.com.br\/se\/wp-json\/wp\/v2\/posts\/70516"}],"collection":[{"href":"https:\/\/senoticias.com.br\/se\/wp-json\/wp\/v2\/posts"}],"about":[{"href":"https:\/\/senoticias.com.br\/se\/wp-json\/wp\/v2\/types\/post"}],"author":[{"embeddable":true,"href":"https:\/\/senoticias.com.br\/se\/wp-json\/wp\/v2\/users\/1"}],"replies":[{"embeddable":true,"href":"https:\/\/senoticias.com.br\/se\/wp-json\/wp\/v2\/comments?post=70516"}],"version-history":[{"count":0,"href":"https:\/\/senoticias.com.br\/se\/wp-json\/wp\/v2\/posts\/70516\/revisions"}],"wp:featuredmedia":[{"embeddable":true,"href":"https:\/\/senoticias.com.br\/se\/wp-json\/wp\/v2\/media\/70517"}],"wp:attachment":[{"href":"https:\/\/senoticias.com.br\/se\/wp-json\/wp\/v2\/media?parent=70516"}],"wp:term":[{"taxonomy":"category","embeddable":true,"href":"https:\/\/senoticias.com.br\/se\/wp-json\/wp\/v2\/categories?post=70516"},{"taxonomy":"post_tag","embeddable":true,"href":"https:\/\/senoticias.com.br\/se\/wp-json\/wp\/v2\/tags?post=70516"}],"curies":[{"name":"wp","href":"https:\/\/api.w.org\/{rel}","templated":true}]}}