{"id":70509,"date":"2014-09-27T09:26:19","date_gmt":"2014-09-27T12:26:19","guid":{"rendered":"http:\/\/senoticias.com.br\/se\/?p=70509"},"modified":"2014-09-27T09:27:09","modified_gmt":"2014-09-27T12:27:09","slug":"anvisa-regulamenta-retorno-de-inibidores-de-apetite-ao-comercio","status":"publish","type":"post","link":"https:\/\/senoticias.com.br\/se\/anvisa-regulamenta-retorno-de-inibidores-de-apetite-ao-comercio\/","title":{"rendered":"Anvisa regulamenta retorno de inibidores de apetite ao com\u00e9rcio"},"content":{"rendered":"<div id=\"attachment_70510\" style=\"width: 559px\" class=\"wp-caption aligncenter\"><a href=\"http:\/\/senoticias.com.br\/se\/wp-content\/uploads\/2014\/09\/conteudo_2_43588_20140927091307_5426a9d30dd7d.jpg\"><img loading=\"lazy\" decoding=\"async\" aria-describedby=\"caption-attachment-70510\" class=\" wp-image-70510 \" alt=\"Foto: Reprodu\u00e7\u00e3o\" src=\"http:\/\/senoticias.com.br\/se\/wp-content\/uploads\/2014\/09\/conteudo_2_43588_20140927091307_5426a9d30dd7d.jpg\" width=\"549\" height=\"364\" srcset=\"https:\/\/senoticias.com.br\/se\/wp-content\/uploads\/2014\/09\/conteudo_2_43588_20140927091307_5426a9d30dd7d.jpg 610w, https:\/\/senoticias.com.br\/se\/wp-content\/uploads\/2014\/09\/conteudo_2_43588_20140927091307_5426a9d30dd7d-300x198.jpg 300w, https:\/\/senoticias.com.br\/se\/wp-content\/uploads\/2014\/09\/conteudo_2_43588_20140927091307_5426a9d30dd7d-342x226.jpg 342w\" sizes=\"(max-width: 549px) 100vw, 549px\" \/><\/a><p id=\"caption-attachment-70510\" class=\"wp-caption-text\">Foto: Reprodu\u00e7\u00e3o<\/p><\/div>\n<p style=\"text-align: justify;\">Foi publicada no Di\u00e1rio Oficial da Uni\u00e3o nesta a resolu\u00e7\u00e3o (RDC 50\/2014) da Ag\u00eancia Nacional de Vigil\u00e2ncia Sanit\u00e1ria (Anvisa) que regulamenta o retorno da venda de inibidores de apetite com anfetaminas. A medida foi aprovada pelo Senado em 2 de setembro. Na ocasi\u00e3o, o projeto de decreto legislativo (PDS) 52\/2014 suspendeu resolu\u00e7\u00e3o anterior da ag\u00eancia reguladora que proibia a prescri\u00e7\u00e3o e venda desses controladores de obesidade. A resolu\u00e7\u00e3o foi publicada nesta sexta-feira (26).<\/p>\n<p style=\"text-align: justify;\">A resolu\u00e7\u00e3o disp\u00f5e sobre as medidas de controle de \u201ccomercializa\u00e7\u00e3o, prescri\u00e7\u00e3o e dispensa\u00e7\u00e3o\u201d dos medicamentos anorex\u00edgenos que contenham as subst\u00e2ncias anfepramona, femproporex e mazindol e sibutramina, \u201cseus sais e is\u00f4meros, bem como intermedi\u00e1rios\u201d. A norma estabelece as doses di\u00e1rias recomendadas para cada uma dessas subst\u00e2ncias e pro\u00edbe que sejam prescritas acima dessas dosagens.<\/p>\n<p style=\"text-align: justify;\">O documento tamb\u00e9m obriga os profissionais de sa\u00fade, farm\u00e1cias e empresas detentoras do registro dos medicamentos a notificarem qualquer evento adverso relacionado ao uso de medicamentos que contenham essas subst\u00e2ncias.<\/p>\n<p style=\"text-align: justify;\">Al\u00e9m disso, o regulamento estabelece que as prescri\u00e7\u00f5es m\u00e9dicas de produtos que contenham essas subst\u00e2ncias dever\u00e3o ser acompanhadas de Termo de Responsabilidade do Prescritor em tr\u00eas vias: uma para o prontu\u00e1rio do paciente, uma para a farm\u00e1cia ou drogaria e outra para o paciente. O termo de responsabilidade, assinado pelo paciente, servir\u00e1 como comprova\u00e7\u00e3o de que \u201crecebeu as informa\u00e7\u00f5es prestadas pelo prescritor\u201d sobre a subst\u00e2ncia, suas contraindica\u00e7\u00f5es, efeitos colaterais e adversos e precau\u00e7\u00f5es durante o uso.<\/p>\n<p style=\"text-align: justify;\">A resolu\u00e7\u00e3o prev\u00ea tamb\u00e9m que as empresas interessadas em comercializar medicamentos contendo mazindol, femproporex e anfepramona dever\u00e3o requerer novo registro \u00e0 Ag\u00eancia. A an\u00e1lise t\u00e9cnica dos pedidos levar\u00e1 em considera\u00e7\u00e3o a comprova\u00e7\u00e3o de efic\u00e1cia e seguran\u00e7a dos produtos.<\/p>\n<p style=\"text-align: justify;\">A sibutramina era a \u00fanica dessas quatro subst\u00e2ncias anorex\u00edgenas j\u00e1 era comercializada mesmo antes da aprova\u00e7\u00e3o do decreto legislativo pelo Senado, mas a nova resolu\u00e7\u00e3o tamb\u00e9m traz recomenda\u00e7\u00f5es sobre ela, classificada pela Anvisa como psicotr\u00f3pico anorex\u00edgeno e vendido como medicamento tarja preta.<\/p>\n<p style=\"text-align: justify;\"><em>Com informa\u00e7\u00f5es da Anvisa e da Ag\u00eancia Brasil<\/em><\/p>\n<p style=\"text-align: justify;\"><strong>Siga o SE Not\u00edcias pelo <a href=\"https:\/\/twitter.com\/Senoticias\" target=\"_blank\">Twitter<\/a> e curta pelo <a href=\"https:\/\/www.facebook.com\/PortalSENoticias\" target=\"_blank\">Facebook<\/a><\/strong><\/p>\n","protected":false},"excerpt":{"rendered":"<p>Foi publicada no Di\u00e1rio Oficial da Uni\u00e3o nesta a resolu\u00e7\u00e3o (RDC 50\/2014) da Ag\u00eancia Nacional de Vigil\u00e2ncia Sanit\u00e1ria (Anvisa) que regulamenta o retorno da venda de inibidores de apetite com anfetaminas. A medida foi aprovada pelo Senado em 2 de setembro. Na ocasi\u00e3o, o projeto de decreto legislativo (PDS) 52\/2014 suspendeu resolu\u00e7\u00e3o anterior da ag\u00eancia [&hellip;]<\/p>\n","protected":false},"author":1,"featured_media":70510,"comment_status":"closed","ping_status":"closed","sticky":false,"template":"","format":"standard","meta":{"footnotes":""},"categories":[38],"tags":[],"class_list":{"0":"post-70509","1":"post","2":"type-post","3":"status-publish","4":"format-standard","5":"has-post-thumbnail","7":"category-municipios"},"_links":{"self":[{"href":"https:\/\/senoticias.com.br\/se\/wp-json\/wp\/v2\/posts\/70509"}],"collection":[{"href":"https:\/\/senoticias.com.br\/se\/wp-json\/wp\/v2\/posts"}],"about":[{"href":"https:\/\/senoticias.com.br\/se\/wp-json\/wp\/v2\/types\/post"}],"author":[{"embeddable":true,"href":"https:\/\/senoticias.com.br\/se\/wp-json\/wp\/v2\/users\/1"}],"replies":[{"embeddable":true,"href":"https:\/\/senoticias.com.br\/se\/wp-json\/wp\/v2\/comments?post=70509"}],"version-history":[{"count":0,"href":"https:\/\/senoticias.com.br\/se\/wp-json\/wp\/v2\/posts\/70509\/revisions"}],"wp:featuredmedia":[{"embeddable":true,"href":"https:\/\/senoticias.com.br\/se\/wp-json\/wp\/v2\/media\/70510"}],"wp:attachment":[{"href":"https:\/\/senoticias.com.br\/se\/wp-json\/wp\/v2\/media?parent=70509"}],"wp:term":[{"taxonomy":"category","embeddable":true,"href":"https:\/\/senoticias.com.br\/se\/wp-json\/wp\/v2\/categories?post=70509"},{"taxonomy":"post_tag","embeddable":true,"href":"https:\/\/senoticias.com.br\/se\/wp-json\/wp\/v2\/tags?post=70509"}],"curies":[{"name":"wp","href":"https:\/\/api.w.org\/{rel}","templated":true}]}}