{"id":70507,"date":"2014-09-27T09:15:39","date_gmt":"2014-09-27T12:15:39","guid":{"rendered":"http:\/\/senoticias.com.br\/se\/?p=70507"},"modified":"2014-09-27T09:15:39","modified_gmt":"2014-09-27T12:15:39","slug":"homem-cai-de-torre-e-morre-em-carmopolis","status":"publish","type":"post","link":"https:\/\/senoticias.com.br\/se\/homem-cai-de-torre-e-morre-em-carmopolis\/","title":{"rendered":"Homem cai de torre e morre em Carm\u00f3polis"},"content":{"rendered":"<div id=\"attachment_70508\" style=\"width: 190px\" class=\"wp-caption alignright\"><a href=\"http:\/\/senoticias.com.br\/se\/wp-content\/uploads\/2014\/09\/Energisa.jpg\"><img loading=\"lazy\" decoding=\"async\" aria-describedby=\"caption-attachment-70508\" class=\"size-medium wp-image-70508\" alt=\"Foto: Vin\u00edcius Am\u00e2ncio\/Informativo Carm\u00f3polis\" src=\"http:\/\/senoticias.com.br\/se\/wp-content\/uploads\/2014\/09\/Energisa-180x300.jpg\" width=\"180\" height=\"300\" srcset=\"https:\/\/senoticias.com.br\/se\/wp-content\/uploads\/2014\/09\/Energisa-180x300.jpg 180w, https:\/\/senoticias.com.br\/se\/wp-content\/uploads\/2014\/09\/Energisa-342x570.jpg 342w, https:\/\/senoticias.com.br\/se\/wp-content\/uploads\/2014\/09\/Energisa-300x500.jpg 300w, https:\/\/senoticias.com.br\/se\/wp-content\/uploads\/2014\/09\/Energisa.jpg 576w\" sizes=\"(max-width: 180px) 100vw, 180px\" \/><\/a><p id=\"caption-attachment-70508\" class=\"wp-caption-text\">Foto: Vin\u00edcius Am\u00e2ncio\/Informativo Carm\u00f3polis<\/p><\/div>\n<p style=\"text-align: justify;\">Por volta das 15h desta sexta-feira, 26, nas proximidades do conjunto Valadares, zona urbana de Carm\u00f3polis, um homem morreu ap\u00f3s cair de uma torre com altura de cerca de 20 metros.<\/p>\n<p style=\"text-align: justify;\">As primeiras informa\u00e7\u00f5es \u00e9 que Alb\u00e9rico Xavier de Souza com 41 anos, trabalhava na torre de transmiss\u00e3o que est\u00e1 sendo constru\u00edda pela Energisa e caiu ap\u00f3s receber uma descarga el\u00e9trica.<\/p>\n<p style=\"text-align: justify;\">Uma equipe do SAMU foi at\u00e9 o local, mas ao que p\u00f4de ser constatado inicialmente, \u00e9 que a v\u00edtima caiu da torre j\u00e1 sem vida. O Instituto M\u00e9dico Legal (IML) foi acionado para fazer o resgate do corpo.<\/p>\n<p style=\"text-align: justify;\">\n<p style=\"text-align: justify;\"><em>Com Informa\u00e7\u00f5es do Sergipe Online e \u00a0de Vin\u00edcius Am\u00e2ncio\/Informativo Carm\u00f3polis<\/em><\/p>\n<p style=\"text-align: justify;\"><strong>Siga o SE Not\u00edcias pelo <a href=\"https:\/\/twitter.com\/Senoticias\" target=\"_blank\">Twitter<\/a> e curta pelo <a href=\"https:\/\/www.facebook.com\/PortalSENoticias\" target=\"_blank\">Facebook<\/a><\/strong><\/p>\n","protected":false},"excerpt":{"rendered":"<p>Por volta das 15h desta sexta-feira, 26, nas proximidades do conjunto Valadares, zona urbana de Carm\u00f3polis, um homem morreu ap\u00f3s cair de uma torre com altura de cerca de 20 metros. As primeiras informa\u00e7\u00f5es \u00e9 que Alb\u00e9rico Xavier de Souza com 41 anos, trabalhava na torre de transmiss\u00e3o que est\u00e1 sendo constru\u00edda pela Energisa e [&hellip;]<\/p>\n","protected":false},"author":1,"featured_media":70508,"comment_status":"closed","ping_status":"closed","sticky":false,"template":"","format":"standard","meta":{"footnotes":""},"categories":[38],"tags":[],"class_list":{"0":"post-70507","1":"post","2":"type-post","3":"status-publish","4":"format-standard","5":"has-post-thumbnail","7":"category-municipios"},"_links":{"self":[{"href":"https:\/\/senoticias.com.br\/se\/wp-json\/wp\/v2\/posts\/70507"}],"collection":[{"href":"https:\/\/senoticias.com.br\/se\/wp-json\/wp\/v2\/posts"}],"about":[{"href":"https:\/\/senoticias.com.br\/se\/wp-json\/wp\/v2\/types\/post"}],"author":[{"embeddable":true,"href":"https:\/\/senoticias.com.br\/se\/wp-json\/wp\/v2\/users\/1"}],"replies":[{"embeddable":true,"href":"https:\/\/senoticias.com.br\/se\/wp-json\/wp\/v2\/comments?post=70507"}],"version-history":[{"count":0,"href":"https:\/\/senoticias.com.br\/se\/wp-json\/wp\/v2\/posts\/70507\/revisions"}],"wp:featuredmedia":[{"embeddable":true,"href":"https:\/\/senoticias.com.br\/se\/wp-json\/wp\/v2\/media\/70508"}],"wp:attachment":[{"href":"https:\/\/senoticias.com.br\/se\/wp-json\/wp\/v2\/media?parent=70507"}],"wp:term":[{"taxonomy":"category","embeddable":true,"href":"https:\/\/senoticias.com.br\/se\/wp-json\/wp\/v2\/categories?post=70507"},{"taxonomy":"post_tag","embeddable":true,"href":"https:\/\/senoticias.com.br\/se\/wp-json\/wp\/v2\/tags?post=70507"}],"curies":[{"name":"wp","href":"https:\/\/api.w.org\/{rel}","templated":true}]}}