{"id":70498,"date":"2014-09-26T22:37:27","date_gmt":"2014-09-27T01:37:27","guid":{"rendered":"http:\/\/senoticias.com.br\/se\/?p=70498"},"modified":"2014-09-29T08:56:51","modified_gmt":"2014-09-29T11:56:51","slug":"policia-apreende-52kg-de-maconha-na-grande-aracaju","status":"publish","type":"post","link":"https:\/\/senoticias.com.br\/se\/policia-apreende-52kg-de-maconha-na-grande-aracaju\/","title":{"rendered":"Pol\u00edcia apreende 52Kg de maconha na Grande Aracaju"},"content":{"rendered":"<p>&nbsp;<\/p>\n<p style=\"text-align: justify;\">A Pol\u00edcia Militar realizou na tarde desta sexta-feira, 26, uma opera\u00e7\u00e3o denominada \u2018Satura\u00e7\u00e3o\u2019, com o objetivo de prevenir a\u00e7\u00f5es delituosas em determinados pontos da Grande Aracaju, como bairros Siqueira Campos, Centro, Treze de Julho; e avenidas Hermes Fontes e Francisco Porto. Al\u00e9m destas \u00e1reas, a cidade de Nossa Senhora do Socorro tamb\u00e9m recebeu refor\u00e7o no policiamento, resultando na apreens\u00e3o de mais de 52Kg de entorpecente em uma resid\u00eancia no povoado Taboca.<\/p>\n<div id=\"attachment_70501\" style=\"width: 604px\" class=\"wp-caption aligncenter\"><a href=\"http:\/\/senoticias.com.br\/se\/wp-content\/uploads\/2014\/09\/pm.jpg\"><img loading=\"lazy\" decoding=\"async\" aria-describedby=\"caption-attachment-70501\" class=\"size-full wp-image-70501\" alt=\" Acusados de tentarem cometer homic\u00eddio contra um comerciante no centro de Aracaju. (Foto: Ascom\/PM\/SE)\" src=\"http:\/\/senoticias.com.br\/se\/wp-content\/uploads\/2014\/09\/pm.jpg\" width=\"594\" height=\"334\" srcset=\"https:\/\/senoticias.com.br\/se\/wp-content\/uploads\/2014\/09\/pm.jpg 594w, https:\/\/senoticias.com.br\/se\/wp-content\/uploads\/2014\/09\/pm-300x168.jpg 300w, https:\/\/senoticias.com.br\/se\/wp-content\/uploads\/2014\/09\/pm-342x192.jpg 342w\" sizes=\"(max-width: 594px) 100vw, 594px\" \/><\/a><p id=\"caption-attachment-70501\" class=\"wp-caption-text\">Acusados de tentarem cometer homic\u00eddio contra um comerciante no centro de Aracaju. (Foto: Ascom\/PM\/SE)<\/p><\/div>\n<p style=\"text-align: justify;\">\u201cCom a chegada das festas de final de ano, estaremos refor\u00e7ando determinados pontos da Grande Aracaju com o objetivo de reduzir os \u00edndices de criminalidade nessas regi\u00f5es. Continuaremos com a\u00e7\u00f5es desta natureza at\u00e9 o final do ano, em hor\u00e1rios, datas e localidades definidas com base em dados estat\u00edsticos de ocorr\u00eancias registradas por cidad\u00e3os\u201d, destacou o coronel Maur\u00edcio da Cunha Iunes, comandante geral da Pol\u00edcia Militar.<\/p>\n<p style=\"text-align: justify;\">A opera\u00e7\u00e3o \u2018Satura\u00e7\u00e3o\u2019 foi realizada com o efetivo de 68 policiais militares, reunindo o efetivo administrativo da Corpora\u00e7\u00e3o e unidades especializadas. Na oportunidade, foram realizadas apreens\u00f5es de tr\u00eas armas de fogo, tr\u00eas facas e droga, al\u00e9m de abordagens a \u00f4nibus e a cidad\u00e3os.<\/p>\n<p style=\"text-align: justify;\"><strong>Apreens\u00e3o de 52Kg de maconha<\/strong><\/p>\n<p style=\"text-align: justify;\">Durante a opera\u00e7\u00e3o, o Batalh\u00e3o de Pol\u00edcia de Radiopatrulha (BPRp) efetuou a apreens\u00e3o de 58 tabletes de maconha prensada, perfazendo cerca de 52Kg da droga, em uma resid\u00eancia situada na rua da Frente, na entrada para o Pres\u00eddio Feminino, localizado no povoado Taboca, munic\u00edpio de Nossa Senhora do Socorro.<\/p>\n<div id=\"attachment_70502\" style=\"width: 599px\" class=\"wp-caption aligncenter\"><a href=\"http:\/\/senoticias.com.br\/se\/wp-content\/uploads\/2014\/09\/rp_droga1.jpg\"><img loading=\"lazy\" decoding=\"async\" aria-describedby=\"caption-attachment-70502\" class=\"size-full wp-image-70502\" alt=\"52Kg de maconha na Grande Aracaju. (Foto: PM\/SE)\" src=\"http:\/\/senoticias.com.br\/se\/wp-content\/uploads\/2014\/09\/rp_droga1.jpg\" width=\"589\" height=\"442\" srcset=\"https:\/\/senoticias.com.br\/se\/wp-content\/uploads\/2014\/09\/rp_droga1.jpg 589w, https:\/\/senoticias.com.br\/se\/wp-content\/uploads\/2014\/09\/rp_droga1-300x225.jpg 300w, https:\/\/senoticias.com.br\/se\/wp-content\/uploads\/2014\/09\/rp_droga1-342x256.jpg 342w, https:\/\/senoticias.com.br\/se\/wp-content\/uploads\/2014\/09\/rp_droga1-60x45.jpg 60w, https:\/\/senoticias.com.br\/se\/wp-content\/uploads\/2014\/09\/rp_droga1-150x113.jpg 150w, https:\/\/senoticias.com.br\/se\/wp-content\/uploads\/2014\/09\/rp_droga1-269x201.jpg 269w\" sizes=\"(max-width: 589px) 100vw, 589px\" \/><\/a><p id=\"caption-attachment-70502\" class=\"wp-caption-text\">52Kg de maconha na Grande Aracaju. (Foto: PM\/SE)<\/p><\/div>\n<p style=\"text-align: justify;\">A a\u00e7\u00e3o ocorreu por volta das 16h15, quando equipes da Radiopatrulha, sob o comando do major Vitor Anderson, recebeu den\u00fancia de populares relatando que um indiv\u00edduo, identificado como Manoel Messias Mota, 44 anos, realizava o com\u00e9rcio de entorpecentes a varejo na localidade, em uma resid\u00eancia nas proximidades do referido estabelecimento prisional.<\/p>\n<p style=\"text-align: justify;\">Ap\u00f3s abordagem no interior do im\u00f3vel, foram apreendidos 58 tabletes de maconha prensada que estavam dentro de duas malas de viagem escondidas na cozinha da casa. \u201cNa semana passada, nossa equipe realizou a apreens\u00e3o de 53Kg de maconha. Gra\u00e7as ao trabalho intenso e comprometimento dos nossos militares com a seguran\u00e7a p\u00fablica, conseguimos retirar de circula\u00e7\u00e3o mais 52Kg da droga\u201d, declarou o Oficial. A droga apreendida foi encaminhada ao Departamento de Narc\u00f3ticos (Denarc) da Pol\u00edcia Civil, onde foi realizada pesagem do entorpecente.<\/p>\n<p style=\"text-align: justify;\"><strong>Tentativa de homic\u00eddio<\/strong><\/p>\n<p style=\"text-align: justify;\">No final da tarde, uma equipe da 1\u00aa Companhia do 8\u00ba Batalh\u00e3o de Pol\u00edcia Comunit\u00e1ria (1\u00aa Cia\/8\u00ba BPCom) prendeu em flagrante Jonny Jesus de Oliveira Santos, 23 anos, Renidy Sacramento dos Santos, 18, Gielson de Almeida Rodrigues, 19, e sua irm\u00e3, uma adolescente de 17 anos, acusados de tentarem cometer homic\u00eddio contra um comerciante, em ocorr\u00eancia registrada no Centro comercial de Aracaju. Com o grupo, a PM apreendeu tr\u00eas armas de fogo.<\/p>\n<p style=\"text-align: justify;\">A a\u00e7\u00e3o ocorreu por volta das 17h30, quando uma equipe do 1\u00aa Cia\/8\u00ba BPCom, ao efetuar o policiamento na rua Jos\u00e9 do Prado Franco, nas proximidades do Mercado Albano Franco, ouviu o barulho de tiros deflagrados e transeuntes correndo em sentido oposto aos policiais, na referida via. Ap\u00f3s dilig\u00eancias, os militares encontraram um indiv\u00edduo alvejado com tr\u00eas tiros no t\u00f3rax, em frente ao seu estabelecimento comercial.<\/p>\n<p style=\"text-align: justify;\">Ao averiguar o ocorrido, os policiais receberam a informa\u00e7\u00e3o de que a tentativa de homic\u00eddio havia sido efetuada por quatro indiv\u00edduos, de posse de armas de fogo, que teriam empreendido fuga em dire\u00e7\u00e3o ao mercado Albano Franco.<\/p>\n<p style=\"text-align: justify;\">Ap\u00f3s v\u00e1rias dilig\u00eancias, os policiais militares efetuaram a pris\u00e3o dos quatro envolvidos, que estavam no interior de um ve\u00edculo. No procedimento de abordagem, foram apreendidos tr\u00eas rev\u00f3lveres calibre 38, com 16 muni\u00e7\u00f5es, sendo quatro delas deflagradas. Ainda no local, a quadrilha confessou a autoria do crime, alegando que teria sido motivado por vingan\u00e7a.<\/p>\n<p style=\"text-align: justify;\">Segundo o acusado Gielson, a v\u00edtima identificada como o comerciante Alceu, seria o autor de um homic\u00eddio praticado contra seu irm\u00e3o, falecido no ano passado na cidade de Penedo, em Alagoas. \u201cAlceu matou meu irm\u00e3o no ano passado. Ele \u00e9 um homicida, foragido da Justi\u00e7a por esse crime. Eu atirei mesmo, atirei para me vingar da morte do meu irm\u00e3o\u201d, declarou Gielson.<\/p>\n<p>Todos os envolvidos foram encaminhados \u00e0 Delegacia Plantonista e a v\u00edtima ao Hospital de Urg\u00eancia de Sergipe (HUSE).<\/p>\n<p><strong>Opini\u00f5es sobre a opera\u00e7\u00e3o<\/strong><\/p>\n<p style=\"text-align: justify;\">Para o motorista de \u00f4nibus de transporte alternativo Antonesco Santos Passos, a\u00e7\u00f5es desse tipo por parte da PM s\u00e3o positivas. \u201cRealizo trajeto di\u00e1rio de Aracaju at\u00e9 Santo Amaro, ent\u00e3o corremos riscos tanto na capital como nas rodovias. O trabalho da PM \u00e9 muito importante para garantir nossa seguran\u00e7a\u201d, mencionou o motorista que teve os passageiros abordados no bairro Siqueira Campos, na capital sergipana.<\/p>\n<p style=\"text-align: justify;\">O Centro de Aracaju foi outro ponto contemplado pela opera\u00e7\u00e3o. Segundo o taxista Jo\u00e3o Luiz, que trabalha em um ponto na pra\u00e7a General Valad\u00e3o, o trabalho da PM no local \u00e9 importante. \u201c\u00c9 muito bom para n\u00f3s taxistas, comerciantes e cidad\u00e3os saber que a PM est\u00e1 por perto. A gente trabalha com mais tranquilidade e se sente mais seguro\u201d, pontuou.<\/p>\n<p style=\"text-align: justify;\">De acordo com o comerciante Ant\u00f4nio Marcos dos Santos, o policiamento na Treze de Julho \u00e9 observado com frequ\u00eancia. \u201cTrabalho aqui h\u00e1 nove anos, sempre das 7 \u00e0s 22h. Noto sempre o trabalho da PM e sei tamb\u00e9m que os policiais n\u00e3o podem estar em estar em todos os lugares ao mesmo tempo\u201d, disse.<\/p>\n<p><strong>Siga o SE Not\u00edcias pelo <a href=\"https:\/\/twitter.com\/Senoticias\" target=\"_blank\">Twitter<\/a> e curta no <a href=\" https:\/\/www.facebook.com\/PortalSENoticias\" target=\"_blank\">Facebook<\/a><\/strong><\/p>\n<p><strong><em>Informa\u00e7\u00f5es da PM\/SE<\/em><\/strong><\/p>\n","protected":false},"excerpt":{"rendered":"<p>&nbsp; A Pol\u00edcia Militar realizou na tarde desta sexta-feira, 26, uma opera\u00e7\u00e3o denominada \u2018Satura\u00e7\u00e3o\u2019, com o objetivo de prevenir a\u00e7\u00f5es delituosas em determinados pontos da Grande Aracaju, como bairros Siqueira Campos, Centro, Treze de Julho; e avenidas Hermes Fontes e Francisco Porto. Al\u00e9m destas \u00e1reas, a cidade de Nossa Senhora do Socorro tamb\u00e9m recebeu refor\u00e7o [&hellip;]<\/p>\n","protected":false},"author":1,"featured_media":70501,"comment_status":"closed","ping_status":"closed","sticky":false,"template":"","format":"standard","meta":{"footnotes":""},"categories":[7,1],"tags":[],"class_list":{"0":"post-70498","1":"post","2":"type-post","3":"status-publish","4":"format-standard","5":"has-post-thumbnail","7":"category-policia","8":"category-sem-categoria"},"_links":{"self":[{"href":"https:\/\/senoticias.com.br\/se\/wp-json\/wp\/v2\/posts\/70498"}],"collection":[{"href":"https:\/\/senoticias.com.br\/se\/wp-json\/wp\/v2\/posts"}],"about":[{"href":"https:\/\/senoticias.com.br\/se\/wp-json\/wp\/v2\/types\/post"}],"author":[{"embeddable":true,"href":"https:\/\/senoticias.com.br\/se\/wp-json\/wp\/v2\/users\/1"}],"replies":[{"embeddable":true,"href":"https:\/\/senoticias.com.br\/se\/wp-json\/wp\/v2\/comments?post=70498"}],"version-history":[{"count":0,"href":"https:\/\/senoticias.com.br\/se\/wp-json\/wp\/v2\/posts\/70498\/revisions"}],"wp:featuredmedia":[{"embeddable":true,"href":"https:\/\/senoticias.com.br\/se\/wp-json\/wp\/v2\/media\/70501"}],"wp:attachment":[{"href":"https:\/\/senoticias.com.br\/se\/wp-json\/wp\/v2\/media?parent=70498"}],"wp:term":[{"taxonomy":"category","embeddable":true,"href":"https:\/\/senoticias.com.br\/se\/wp-json\/wp\/v2\/categories?post=70498"},{"taxonomy":"post_tag","embeddable":true,"href":"https:\/\/senoticias.com.br\/se\/wp-json\/wp\/v2\/tags?post=70498"}],"curies":[{"name":"wp","href":"https:\/\/api.w.org\/{rel}","templated":true}]}}