{"id":70495,"date":"2014-09-26T16:45:31","date_gmt":"2014-09-26T19:45:31","guid":{"rendered":"http:\/\/senoticias.com.br\/se\/?p=70495"},"modified":"2014-09-26T16:45:31","modified_gmt":"2014-09-26T19:45:31","slug":"policia-civil-de-sergipe-apresenta-foragidos-da-justica-presos-em-sp","status":"publish","type":"post","link":"https:\/\/senoticias.com.br\/se\/policia-civil-de-sergipe-apresenta-foragidos-da-justica-presos-em-sp\/","title":{"rendered":"Pol\u00edcia Civil de Sergipe apresenta foragidos da justi\u00e7a presos em SP"},"content":{"rendered":"<div id=\"attachment_70496\" style=\"width: 310px\" class=\"wp-caption alignright\"><a href=\"http:\/\/senoticias.com.br\/se\/wp-content\/uploads\/2014\/09\/1239201417356.jpg\"><img loading=\"lazy\" decoding=\"async\" aria-describedby=\"caption-attachment-70496\" class=\"size-medium wp-image-70496\" alt=\"Foto: SSP\/SE\" src=\"http:\/\/senoticias.com.br\/se\/wp-content\/uploads\/2014\/09\/1239201417356-300x225.jpg\" width=\"300\" height=\"225\" srcset=\"https:\/\/senoticias.com.br\/se\/wp-content\/uploads\/2014\/09\/1239201417356-300x225.jpg 300w, https:\/\/senoticias.com.br\/se\/wp-content\/uploads\/2014\/09\/1239201417356-342x256.jpg 342w, https:\/\/senoticias.com.br\/se\/wp-content\/uploads\/2014\/09\/1239201417356-60x45.jpg 60w, https:\/\/senoticias.com.br\/se\/wp-content\/uploads\/2014\/09\/1239201417356-150x113.jpg 150w, https:\/\/senoticias.com.br\/se\/wp-content\/uploads\/2014\/09\/1239201417356-269x201.jpg 269w, https:\/\/senoticias.com.br\/se\/wp-content\/uploads\/2014\/09\/1239201417356.jpg 640w\" sizes=\"(max-width: 300px) 100vw, 300px\" \/><\/a><p id=\"caption-attachment-70496\" class=\"wp-caption-text\">Foto: SSP\/SE<\/p><\/div>\n<p style=\"text-align: justify;\">A Pol\u00edcia Civil apresentou na manh\u00e3 desta sexta-feira (26) cinco homens presos no Estado de S\u00e3o Paulo. Dois deles s\u00e3o acusados de duplo homic\u00eddio em Aquidab\u00e3. Os outros tr\u00eas s\u00e3o apontados como membros de uma quadrilha que faziam roubos nas regi\u00f5es ribeirinhas de Alagoas e Sergipe.<\/p>\n<p style=\"text-align: justify;\">As pris\u00f5es aconteceram devido ao trabalho dos policiais da Divis\u00e3o de Intelig\u00eancia e Planejamento Policial (Dipol) em parceria com as delegacias regionais. Eles conseguiram localizar os suspeitos e, em parceria com a pol\u00edcia paulista, realizaram as pris\u00f5es.<\/p>\n<p style=\"text-align: justify;\">Os primeiros a serem presos foram dois ciganos, de 32 e 38 anos, acusados de assassinar dois homens e balear outro em junho deste ano na cidade de Aquidab\u00e3. O motivo do crime seria um desentendimento em um bar por causa de um som de carro.<\/p>\n<p style=\"text-align: justify;\">De acordo com o delegado F\u00e1bio Santana, respons\u00e1vel pela delegacia de Aquidab\u00e3, ap\u00f3s os crimes eles fugiram com a fam\u00edlia para a Vila Zilda, no Guaruj\u00e1, litoral de S\u00e3o Paulo, onde frequentemente ficavam durante per\u00edodos curtos.\u201cOcorre que desta vez eles pretendiam ficar bastante tempo na cidade, tanto que estavam trabalhando com vendas\u201d, explicou Santana.<\/p>\n<p style=\"text-align: justify;\">J\u00e1 os policiais da Delegacia de Pacatuba realizaram a pris\u00e3o de tr\u00eas irm\u00e3os apontados como membros de uma quadrilha que aterrorizou cidades do Baixo S\u00e3o Francisco. Eles estavam escondidos em uma favela do S\u00edtio Pequiri, no bairro Tremenb\u00e9, zona norte de S\u00e3o Paulo.<\/p>\n<p style=\"text-align: justify;\">A quadrilha come\u00e7ou a ser desarticulada em setembro deste ano com a pris\u00e3o de cinco membros, feita em uma opera\u00e7\u00e3o conjunta das delegacias de Propri\u00e1, Ne\u00f3polis e Pacatuba.<\/p>\n<p style=\"text-align: justify;\">O bando agia nas regi\u00f5es ribeirinhas de Alagoas e Sergipe. Segundo o delegado Tarc\u00edsio Ten\u00f3rio, os primeiros assaltos da quadrilha no Estado aconteceram no munic\u00edpio de Pacatuba.<\/p>\n<p style=\"text-align: justify;\">\u201cEsta quadrilha \u00e9 muito violenta, roubavam objetos que iam do simples ou luxuoso. Al\u00e9m disso, em v\u00e1rios casos amarravam, batiam e at\u00e9 abusavam de algumas v\u00edtimas. O objetivo \u00e9 causar medo extremo para que as v\u00edtimas contassem onde estava o dinheiro e os bens de valor dentro da casa\u201d, explicou Ten\u00f3rio.<\/p>\n<p style=\"text-align: justify;\">Dois assaltos foram feitos em Pacatuba, mas a maioria dos casos ocorreu em Propri\u00e1 e Ne\u00f3polis. Estima-se que pelo menos 20 assaltos foram praticados em Sergipe, sem contar as a\u00e7\u00f5es dos munic\u00edpios de S\u00e3o Braz e Penedo em Alagoas.<\/p>\n<p style=\"text-align: justify;\"><em>Com informa\u00e7\u00f5es do G1SE<\/em><\/p>\n<p style=\"text-align: justify;\"><strong>Siga o SE Not\u00edcias pelo <a href=\"https:\/\/twitter.com\/Senoticias\" target=\"_blank\">Twitter <\/a>e curta pelo <a href=\"https:\/\/www.facebook.com\/PortalSENoticias\" target=\"_blank\">Facebook<\/a><\/strong><\/p>\n","protected":false},"excerpt":{"rendered":"<p>A Pol\u00edcia Civil apresentou na manh\u00e3 desta sexta-feira (26) cinco homens presos no Estado de S\u00e3o Paulo. Dois deles s\u00e3o acusados de duplo homic\u00eddio em Aquidab\u00e3. Os outros tr\u00eas s\u00e3o apontados como membros de uma quadrilha que faziam roubos nas regi\u00f5es ribeirinhas de Alagoas e Sergipe. As pris\u00f5es aconteceram devido ao trabalho dos policiais da [&hellip;]<\/p>\n","protected":false},"author":1,"featured_media":70496,"comment_status":"closed","ping_status":"closed","sticky":false,"template":"","format":"standard","meta":{"footnotes":""},"categories":[7],"tags":[],"class_list":{"0":"post-70495","1":"post","2":"type-post","3":"status-publish","4":"format-standard","5":"has-post-thumbnail","7":"category-policia"},"_links":{"self":[{"href":"https:\/\/senoticias.com.br\/se\/wp-json\/wp\/v2\/posts\/70495"}],"collection":[{"href":"https:\/\/senoticias.com.br\/se\/wp-json\/wp\/v2\/posts"}],"about":[{"href":"https:\/\/senoticias.com.br\/se\/wp-json\/wp\/v2\/types\/post"}],"author":[{"embeddable":true,"href":"https:\/\/senoticias.com.br\/se\/wp-json\/wp\/v2\/users\/1"}],"replies":[{"embeddable":true,"href":"https:\/\/senoticias.com.br\/se\/wp-json\/wp\/v2\/comments?post=70495"}],"version-history":[{"count":0,"href":"https:\/\/senoticias.com.br\/se\/wp-json\/wp\/v2\/posts\/70495\/revisions"}],"wp:featuredmedia":[{"embeddable":true,"href":"https:\/\/senoticias.com.br\/se\/wp-json\/wp\/v2\/media\/70496"}],"wp:attachment":[{"href":"https:\/\/senoticias.com.br\/se\/wp-json\/wp\/v2\/media?parent=70495"}],"wp:term":[{"taxonomy":"category","embeddable":true,"href":"https:\/\/senoticias.com.br\/se\/wp-json\/wp\/v2\/categories?post=70495"},{"taxonomy":"post_tag","embeddable":true,"href":"https:\/\/senoticias.com.br\/se\/wp-json\/wp\/v2\/tags?post=70495"}],"curies":[{"name":"wp","href":"https:\/\/api.w.org\/{rel}","templated":true}]}}