{"id":70492,"date":"2014-09-26T16:39:12","date_gmt":"2014-09-26T19:39:12","guid":{"rendered":"http:\/\/senoticias.com.br\/se\/?p=70492"},"modified":"2014-09-28T20:05:43","modified_gmt":"2014-09-28T23:05:43","slug":"tj-manda-quebrar-sigilo-de-conversas-pornograficas-do-whatsapp","status":"publish","type":"post","link":"https:\/\/senoticias.com.br\/se\/tj-manda-quebrar-sigilo-de-conversas-pornograficas-do-whatsapp\/","title":{"rendered":"Tribunal de Justi\u00e7a manda quebrar sigilo de conversas pornogr\u00e1ficas do WhatsApp"},"content":{"rendered":"<div id=\"attachment_70493\" style=\"width: 310px\" class=\"wp-caption alignright\"><a href=\"http:\/\/senoticias.com.br\/se\/wp-content\/uploads\/2014\/09\/197d3ca6fd54be554518e3580d4a712f_g.jpg\"><img loading=\"lazy\" decoding=\"async\" aria-describedby=\"caption-attachment-70493\" class=\"size-medium wp-image-70493\" alt=\"Foto: Divulga\u00e7\u00e3o \" src=\"http:\/\/senoticias.com.br\/se\/wp-content\/uploads\/2014\/09\/197d3ca6fd54be554518e3580d4a712f_g-300x225.jpg\" width=\"300\" height=\"225\" \/><\/a><p id=\"caption-attachment-70493\" class=\"wp-caption-text\">Foto: Divulga\u00e7\u00e3o<\/p><\/div>\n<p style=\"text-align: justify;\">O Tribunal de Justi\u00e7a de S\u00e3o Paulo determinou que o Facebook Brasil, propriet\u00e1rio do aplicativo WhatsApp, divulgue a identifica\u00e7\u00e3o de pessoas envolvidas em conversas de dois grupos que trocavam mensagens e montagens pornogr\u00e1ficas com fotos de uma estudante universit\u00e1ria paulista. A empresa deve exibir todas as informa\u00e7\u00f5es relativas aos IP&#8217;s dos perfis e o teor das conversas dos grupos entre os dias 26 e 31 de maio de 2014, no prazo de cinco dias.<\/p>\n<p style=\"text-align: justify;\">A foto do perfil do Facebook de uma estudante da Universidade Presbiteriana Mackenzie foi usada em montagens pornogr\u00e1ficas de dois grupos no Whatsapp. A jovem passou a receber telefonemas com ofertas de programas sexuais.<\/p>\n<p style=\"text-align: justify;\">O Facebook adquiriu o aplicativo em fevereiro deste ano. No processo, a empresa afirma que n\u00e3o poderia ceder dados do aplicativo porque ainda n\u00e3o concluiu a aquisi\u00e7\u00e3o de compra e que as informa\u00e7\u00f5es solicitadas estariam na plataforma do WhatsApp Inc, uma companhia com sede nos Estados Unidos e sem representa\u00e7\u00e3o no Brasil.<\/p>\n<p style=\"text-align: justify;\">A turma que julga a a\u00e7\u00e3o entende que a medida \u00e9 pass\u00edvel de cumprimento. &#8220;O servi\u00e7o do WhatsApp \u00e9 amplamente difundido no Brasil e, uma vez adquirido pelo Facebook e somente este possuindo representa\u00e7\u00e3o no Pa\u00eds, deve guardar e manter os registros respectivos, propiciando meios para identifica\u00e7\u00e3o dos usu\u00e1rios e teor de conversas ali inseridas &#8211; determina\u00e7\u00e3o, ali\u00e1s, que encontra amparo na regra do artigo 13 da Lei 12.965\/2014 (conhecida como Marco Civil da Internet)&#8221;, afirmou o desembargador Salles Rossi, relator do caso.<\/p>\n<p style=\"text-align: justify;\">Com a palavra, o Facebook Brasil. A assessoria de imprensa do Facebook Brasil informou que a empresa n\u00e3o comenta casos espec\u00edficos. &#8220;Mas esclarece que a aquisi\u00e7\u00e3o do WhatsApp ainda n\u00e3o foi conclu\u00edda e que ambas empresas atuam de forma independente&#8221;.<\/p>\n<p style=\"text-align: justify;\"><em>Com informa\u00e7\u00f5es de Julia Affonso\/ Estad\u00e3o<\/em><\/p>\n<p style=\"text-align: justify;\"><strong>Siga o SE Not\u00edcias pelo <a href=\"https:\/\/twitter.com\/Senoticias\" target=\"_blank\">Twitter<\/a> e curta pelo <a href=\"https:\/\/www.facebook.com\/PortalSENoticias\" target=\"_blank\">Facebook<\/a><\/strong><\/p>\n","protected":false},"excerpt":{"rendered":"<p>O Tribunal de Justi\u00e7a de S\u00e3o Paulo determinou que o Facebook Brasil, propriet\u00e1rio do aplicativo WhatsApp, divulgue a identifica\u00e7\u00e3o de pessoas envolvidas em conversas de dois grupos que trocavam mensagens e montagens pornogr\u00e1ficas com fotos de uma estudante universit\u00e1ria paulista. A empresa deve exibir todas as informa\u00e7\u00f5es relativas aos IP&#8217;s dos perfis e o teor [&hellip;]<\/p>\n","protected":false},"author":1,"featured_media":70493,"comment_status":"closed","ping_status":"closed","sticky":false,"template":"","format":"standard","meta":{"footnotes":""},"categories":[310],"tags":[],"class_list":{"0":"post-70492","1":"post","2":"type-post","3":"status-publish","4":"format-standard","5":"has-post-thumbnail","7":"category-destaques-da-semana"},"_links":{"self":[{"href":"https:\/\/senoticias.com.br\/se\/wp-json\/wp\/v2\/posts\/70492"}],"collection":[{"href":"https:\/\/senoticias.com.br\/se\/wp-json\/wp\/v2\/posts"}],"about":[{"href":"https:\/\/senoticias.com.br\/se\/wp-json\/wp\/v2\/types\/post"}],"author":[{"embeddable":true,"href":"https:\/\/senoticias.com.br\/se\/wp-json\/wp\/v2\/users\/1"}],"replies":[{"embeddable":true,"href":"https:\/\/senoticias.com.br\/se\/wp-json\/wp\/v2\/comments?post=70492"}],"version-history":[{"count":0,"href":"https:\/\/senoticias.com.br\/se\/wp-json\/wp\/v2\/posts\/70492\/revisions"}],"wp:featuredmedia":[{"embeddable":true,"href":"https:\/\/senoticias.com.br\/se\/wp-json\/wp\/v2\/media\/70493"}],"wp:attachment":[{"href":"https:\/\/senoticias.com.br\/se\/wp-json\/wp\/v2\/media?parent=70492"}],"wp:term":[{"taxonomy":"category","embeddable":true,"href":"https:\/\/senoticias.com.br\/se\/wp-json\/wp\/v2\/categories?post=70492"},{"taxonomy":"post_tag","embeddable":true,"href":"https:\/\/senoticias.com.br\/se\/wp-json\/wp\/v2\/tags?post=70492"}],"curies":[{"name":"wp","href":"https:\/\/api.w.org\/{rel}","templated":true}]}}