{"id":70490,"date":"2014-09-26T16:27:52","date_gmt":"2014-09-26T19:27:52","guid":{"rendered":"http:\/\/senoticias.com.br\/se\/?p=70490"},"modified":"2014-09-26T16:27:52","modified_gmt":"2014-09-26T19:27:52","slug":"pleno-do-tre-aprova-envio-de-tropas-federais-para-sergipe","status":"publish","type":"post","link":"https:\/\/senoticias.com.br\/se\/pleno-do-tre-aprova-envio-de-tropas-federais-para-sergipe\/","title":{"rendered":"Pleno do TRE aprova envio de tropas federais para Sergipe"},"content":{"rendered":"<div id=\"attachment_57937\" style=\"width: 310px\" class=\"wp-caption alignright\"><a href=\"http:\/\/senoticias.com.br\/se\/wp-content\/uploads\/2014\/01\/grande-tre_010812.jpg\"><img loading=\"lazy\" decoding=\"async\" aria-describedby=\"caption-attachment-57937\" class=\"size-medium wp-image-57937\" alt=\"12 munic\u00edpios dever\u00e3o ter seguran\u00e7a refor\u00e7ada. (Foto: Reprodu\u00e7\u00e3o) \" src=\"http:\/\/senoticias.com.br\/se\/wp-content\/uploads\/2014\/01\/grande-tre_010812-300x199.jpg\" width=\"300\" height=\"199\" \/><\/a><p id=\"caption-attachment-57937\" class=\"wp-caption-text\">12 munic\u00edpios dever\u00e3o ter seguran\u00e7a refor\u00e7ada. (Foto: Reprodu\u00e7\u00e3o)<\/p><\/div>\n<p style=\"text-align: justify;\">O Pleno do Tribunal Regional Eleitoral aprovou o envio de tropas federais para 12 munic\u00edpios sergipanos.<\/p>\n<p style=\"text-align: justify;\">S\u00e3o eles: Arau\u00e1, Pedrinhas, Riach\u00e3o do Dantas, Boquim, Umba\u00faba, Santa Luzia do Itanhy, Indiaroba, Ilha das Flores, Canind\u00e9 de S\u00e3o Francisco, Po\u00e7o Redondo, Est\u00e2ncia e Po\u00e7o Verde.<\/p>\n<p style=\"text-align: justify;\">O pedido agora ser\u00e1 encaminhado para o Tribunal Superior Eleitoral.<\/p>\n<p style=\"text-align: justify;\"><em>Com informa\u00e7\u00f5es do G1SE<\/em><\/p>\n<p style=\"text-align: justify;\"><strong>Siga o SE Not\u00edcias pelo <a href=\"https:\/\/twitter.com\/Senoticias\" target=\"_blank\">Twitter <\/a>e curta pelo <a href=\"https:\/\/www.facebook.com\/PortalSENoticias\" target=\"_blank\">Facebook<\/a><\/strong><\/p>\n","protected":false},"excerpt":{"rendered":"<p>O Pleno do Tribunal Regional Eleitoral aprovou o envio de tropas federais para 12 munic\u00edpios sergipanos. S\u00e3o eles: Arau\u00e1, Pedrinhas, Riach\u00e3o do Dantas, Boquim, Umba\u00faba, Santa Luzia do Itanhy, Indiaroba, Ilha das Flores, Canind\u00e9 de S\u00e3o Francisco, Po\u00e7o Redondo, Est\u00e2ncia e Po\u00e7o Verde. O pedido agora ser\u00e1 encaminhado para o Tribunal Superior Eleitoral. Com informa\u00e7\u00f5es [&hellip;]<\/p>\n","protected":false},"author":1,"featured_media":57937,"comment_status":"closed","ping_status":"closed","sticky":false,"template":"","format":"standard","meta":{"footnotes":""},"categories":[6],"tags":[],"class_list":{"0":"post-70490","1":"post","2":"type-post","3":"status-publish","4":"format-standard","5":"has-post-thumbnail","7":"category-politica"},"_links":{"self":[{"href":"https:\/\/senoticias.com.br\/se\/wp-json\/wp\/v2\/posts\/70490"}],"collection":[{"href":"https:\/\/senoticias.com.br\/se\/wp-json\/wp\/v2\/posts"}],"about":[{"href":"https:\/\/senoticias.com.br\/se\/wp-json\/wp\/v2\/types\/post"}],"author":[{"embeddable":true,"href":"https:\/\/senoticias.com.br\/se\/wp-json\/wp\/v2\/users\/1"}],"replies":[{"embeddable":true,"href":"https:\/\/senoticias.com.br\/se\/wp-json\/wp\/v2\/comments?post=70490"}],"version-history":[{"count":0,"href":"https:\/\/senoticias.com.br\/se\/wp-json\/wp\/v2\/posts\/70490\/revisions"}],"wp:featuredmedia":[{"embeddable":true,"href":"https:\/\/senoticias.com.br\/se\/wp-json\/wp\/v2\/media\/57937"}],"wp:attachment":[{"href":"https:\/\/senoticias.com.br\/se\/wp-json\/wp\/v2\/media?parent=70490"}],"wp:term":[{"taxonomy":"category","embeddable":true,"href":"https:\/\/senoticias.com.br\/se\/wp-json\/wp\/v2\/categories?post=70490"},{"taxonomy":"post_tag","embeddable":true,"href":"https:\/\/senoticias.com.br\/se\/wp-json\/wp\/v2\/tags?post=70490"}],"curies":[{"name":"wp","href":"https:\/\/api.w.org\/{rel}","templated":true}]}}