{"id":70484,"date":"2014-09-26T15:48:59","date_gmt":"2014-09-26T18:48:59","guid":{"rendered":"http:\/\/senoticias.com.br\/se\/?p=70484"},"modified":"2014-09-26T15:58:07","modified_gmt":"2014-09-26T18:58:07","slug":"policia-militar-flagra-trio-que-roubou-farmacia-no-siqueira-campos","status":"publish","type":"post","link":"https:\/\/senoticias.com.br\/se\/policia-militar-flagra-trio-que-roubou-farmacia-no-siqueira-campos\/","title":{"rendered":"Pol\u00edcia Militar flagra trio que roubou farm\u00e1cia no Siqueira Campos"},"content":{"rendered":"<div id=\"attachment_70488\" style=\"width: 310px\" class=\"wp-caption alignright\"><a href=\"http:\/\/senoticias.com.br\/se\/wp-content\/uploads\/2014\/09\/camera1.jpg\"><img loading=\"lazy\" decoding=\"async\" aria-describedby=\"caption-attachment-70488\" class=\"size-medium wp-image-70488\" alt=\"PM flagra trio que roubou farm\u00e1cia. (Divulga\u00e7\u00e3o)\" src=\"http:\/\/senoticias.com.br\/se\/wp-content\/uploads\/2014\/09\/camera1-300x221.jpg\" width=\"300\" height=\"221\" srcset=\"https:\/\/senoticias.com.br\/se\/wp-content\/uploads\/2014\/09\/camera1-300x221.jpg 300w, https:\/\/senoticias.com.br\/se\/wp-content\/uploads\/2014\/09\/camera1-342x252.jpg 342w, https:\/\/senoticias.com.br\/se\/wp-content\/uploads\/2014\/09\/camera1-60x45.jpg 60w, https:\/\/senoticias.com.br\/se\/wp-content\/uploads\/2014\/09\/camera1-90x65.jpg 90w, https:\/\/senoticias.com.br\/se\/wp-content\/uploads\/2014\/09\/camera1.jpg 384w\" sizes=\"(max-width: 300px) 100vw, 300px\" \/><\/a><p id=\"caption-attachment-70488\" class=\"wp-caption-text\">PM flagra trio que roubou farm\u00e1cia. (Divulga\u00e7\u00e3o)<\/p><\/div>\n<p style=\"text-align: justify;\">A Pol\u00edcia Militar do Estado de Sergipe, atrav\u00e9s do Batalh\u00e3o de Pol\u00edcia de Radiopatrulha (BPRp), prendeu na noite da quinta-feira, 25, Roberto Carlos Morais Gomes J\u00fanior, de 19 anos, e apreendeu dois adolescentes numa vila situada no bairro Siqueira Campos.<\/p>\n<p style=\"text-align: justify;\">Militares da guarni\u00e7\u00e3o Le\u00e3o 90 faziam rondas pela localidade, quando foram acionados por um homem que informava o paradeiro de tr\u00eas jovens que haviam roubado uma farm\u00e1cia do bairro e, durante o crime, tinham levado a sua bicicleta.<\/p>\n<p style=\"text-align: justify;\">De posse da informa\u00e7\u00f5es do suposto esconderijo, uma vila, os policiais foram at\u00e9 o ponto citado e localizaram o trio, ainda em posse da bicicleta, a quantia de R$ 984 e tr\u00eas celulares. Os rapazes foram levados \u00e0 farm\u00e1cia, onde foram reconhecidos pelo propriet\u00e1rio do ve\u00edculo de duas rodas.<\/p>\n<p style=\"text-align: justify;\">O dono do estabelecimento tamb\u00e9m reconheceu o grupo, chegando a apresentar imagens geradas pelas c\u00e2meras de seguran\u00e7a. Diante do ocorrido, os jovens foram levados \u00e0 Delegacia Plantonista pela equipe comandada pelo sargento Fernande Pereira dos Santos.<\/p>\n<p><strong>Siga o SE Not\u00edcias pelo<a href=\"https:\/\/twitter.com\/Senoticias\" target=\"_blank\"> Twitter<\/a> e curta no<a href=\" https:\/\/www.facebook.com\/PortalSENoticias\" target=\"_blank\"> Facebook<\/a><\/strong><\/p>\n<p><em><strong>Da Assessoria de Comunica\u00e7\u00e3o da PM\/SE<\/strong><\/em><\/p>\n","protected":false},"excerpt":{"rendered":"<p>A Pol\u00edcia Militar do Estado de Sergipe, atrav\u00e9s do Batalh\u00e3o de Pol\u00edcia de Radiopatrulha (BPRp), prendeu na noite da quinta-feira, 25, Roberto Carlos Morais Gomes J\u00fanior, de 19 anos, e apreendeu dois adolescentes numa vila situada no bairro Siqueira Campos. Militares da guarni\u00e7\u00e3o Le\u00e3o 90 faziam rondas pela localidade, quando foram acionados por um homem [&hellip;]<\/p>\n","protected":false},"author":1,"featured_media":70488,"comment_status":"closed","ping_status":"closed","sticky":false,"template":"","format":"standard","meta":{"footnotes":""},"categories":[7],"tags":[],"class_list":{"0":"post-70484","1":"post","2":"type-post","3":"status-publish","4":"format-standard","5":"has-post-thumbnail","7":"category-policia"},"_links":{"self":[{"href":"https:\/\/senoticias.com.br\/se\/wp-json\/wp\/v2\/posts\/70484"}],"collection":[{"href":"https:\/\/senoticias.com.br\/se\/wp-json\/wp\/v2\/posts"}],"about":[{"href":"https:\/\/senoticias.com.br\/se\/wp-json\/wp\/v2\/types\/post"}],"author":[{"embeddable":true,"href":"https:\/\/senoticias.com.br\/se\/wp-json\/wp\/v2\/users\/1"}],"replies":[{"embeddable":true,"href":"https:\/\/senoticias.com.br\/se\/wp-json\/wp\/v2\/comments?post=70484"}],"version-history":[{"count":0,"href":"https:\/\/senoticias.com.br\/se\/wp-json\/wp\/v2\/posts\/70484\/revisions"}],"wp:featuredmedia":[{"embeddable":true,"href":"https:\/\/senoticias.com.br\/se\/wp-json\/wp\/v2\/media\/70488"}],"wp:attachment":[{"href":"https:\/\/senoticias.com.br\/se\/wp-json\/wp\/v2\/media?parent=70484"}],"wp:term":[{"taxonomy":"category","embeddable":true,"href":"https:\/\/senoticias.com.br\/se\/wp-json\/wp\/v2\/categories?post=70484"},{"taxonomy":"post_tag","embeddable":true,"href":"https:\/\/senoticias.com.br\/se\/wp-json\/wp\/v2\/tags?post=70484"}],"curies":[{"name":"wp","href":"https:\/\/api.w.org\/{rel}","templated":true}]}}