{"id":70482,"date":"2014-09-26T15:50:44","date_gmt":"2014-09-26T18:50:44","guid":{"rendered":"http:\/\/senoticias.com.br\/se\/?p=70482"},"modified":"2014-09-26T15:51:35","modified_gmt":"2014-09-26T18:51:35","slug":"edital-com-600-vagas-para-agente-da-policia-federal-e-divulgado","status":"publish","type":"post","link":"https:\/\/senoticias.com.br\/se\/edital-com-600-vagas-para-agente-da-policia-federal-e-divulgado\/","title":{"rendered":"Edital com 600 vagas para agente da Pol\u00edcia Federal \u00e9 divulgado"},"content":{"rendered":"<div id=\"attachment_70483\" style=\"width: 310px\" class=\"wp-caption alignright\"><a href=\"http:\/\/senoticias.com.br\/se\/wp-content\/uploads\/2014\/09\/b2d_polcia_federal-641044-4fa1b96214188.jpg\"><img loading=\"lazy\" decoding=\"async\" aria-describedby=\"caption-attachment-70483\" class=\"size-medium wp-image-70483\" alt=\"Foto: Divulga\u00e7\u00e3o \" src=\"http:\/\/senoticias.com.br\/se\/wp-content\/uploads\/2014\/09\/b2d_polcia_federal-641044-4fa1b96214188-300x199.jpg\" width=\"300\" height=\"199\" srcset=\"https:\/\/senoticias.com.br\/se\/wp-content\/uploads\/2014\/09\/b2d_polcia_federal-641044-4fa1b96214188-300x199.jpg 300w, https:\/\/senoticias.com.br\/se\/wp-content\/uploads\/2014\/09\/b2d_polcia_federal-641044-4fa1b96214188-342x227.jpg 342w, https:\/\/senoticias.com.br\/se\/wp-content\/uploads\/2014\/09\/b2d_polcia_federal-641044-4fa1b96214188.jpg 500w\" sizes=\"(max-width: 300px) 100vw, 300px\" \/><\/a><p id=\"caption-attachment-70483\" class=\"wp-caption-text\">Foto: Divulga\u00e7\u00e3o<\/p><\/div>\n<p style=\"text-align: justify;\">Foi publicado no Di\u00e1rio Oficial da Uni\u00e3o desta sexta-feira (26), o edital do concurso p\u00fablico com 600 vagas para o cargo de agente da Pol\u00edcia Federal (PF). As vagas exigem ensino superior completo em qualquer \u00e1rea e a carteira de habilita\u00e7\u00e3o, na categoria B em diante.<\/p>\n<p style=\"text-align: justify;\">O sal\u00e1rio oferecido \u00e9 de R$7.887,33, inclu\u00eddo o aux\u00edlio-alimenta\u00e7\u00e3o, de R$373. Com o reajuste j\u00e1 autorizado, a partir de janeiro os ganhos iniciais passar\u00e3o para R$9.074,59. Os interessados poder\u00e3o se inscrever a partir do dia 6 de outubro, atrav\u00e9s do site do Cespe\/UnB, organizador da sele\u00e7\u00e3o. A taxa \u00e9 de R$150.<\/p>\n<p style=\"text-align: justify;\">As provas objetiva e discursiva est\u00e3o previstas para o dia 21 de dezembro. Os concursados ser\u00e3o contratados pelo regime estatut\u00e1rio, que prev\u00ea estabilidade. O concurso ter\u00e1 validade inicial de 30 dias, prorrog\u00e1vel uma \u00fanica vez, pelo mesmo per\u00edodo, com a convoca\u00e7\u00e3o imediata dos classificados e sem a forma\u00e7\u00e3o de cadastro de reserva.<\/p>\n<p style=\"text-align: justify;\"><em>Fonte: Correio da Bahia<\/em><\/p>\n<p style=\"text-align: justify;\"><strong>Siga o SE Not\u00edcias pelo <a href=\"https:\/\/twitter.com\/Senoticias\" target=\"_blank\">Twitter<\/a> e curta pelo <a href=\"https:\/\/www.facebook.com\/PortalSENoticias\" target=\"_blank\">Facebook<\/a><\/strong><\/p>\n","protected":false},"excerpt":{"rendered":"<p>Foi publicado no Di\u00e1rio Oficial da Uni\u00e3o desta sexta-feira (26), o edital do concurso p\u00fablico com 600 vagas para o cargo de agente da Pol\u00edcia Federal (PF). As vagas exigem ensino superior completo em qualquer \u00e1rea e a carteira de habilita\u00e7\u00e3o, na categoria B em diante. O sal\u00e1rio oferecido \u00e9 de R$7.887,33, inclu\u00eddo o aux\u00edlio-alimenta\u00e7\u00e3o, [&hellip;]<\/p>\n","protected":false},"author":1,"featured_media":70483,"comment_status":"closed","ping_status":"closed","sticky":false,"template":"","format":"standard","meta":{"footnotes":""},"categories":[9],"tags":[],"class_list":{"0":"post-70482","1":"post","2":"type-post","3":"status-publish","4":"format-standard","5":"has-post-thumbnail","7":"category-concursos"},"_links":{"self":[{"href":"https:\/\/senoticias.com.br\/se\/wp-json\/wp\/v2\/posts\/70482"}],"collection":[{"href":"https:\/\/senoticias.com.br\/se\/wp-json\/wp\/v2\/posts"}],"about":[{"href":"https:\/\/senoticias.com.br\/se\/wp-json\/wp\/v2\/types\/post"}],"author":[{"embeddable":true,"href":"https:\/\/senoticias.com.br\/se\/wp-json\/wp\/v2\/users\/1"}],"replies":[{"embeddable":true,"href":"https:\/\/senoticias.com.br\/se\/wp-json\/wp\/v2\/comments?post=70482"}],"version-history":[{"count":0,"href":"https:\/\/senoticias.com.br\/se\/wp-json\/wp\/v2\/posts\/70482\/revisions"}],"wp:featuredmedia":[{"embeddable":true,"href":"https:\/\/senoticias.com.br\/se\/wp-json\/wp\/v2\/media\/70483"}],"wp:attachment":[{"href":"https:\/\/senoticias.com.br\/se\/wp-json\/wp\/v2\/media?parent=70482"}],"wp:term":[{"taxonomy":"category","embeddable":true,"href":"https:\/\/senoticias.com.br\/se\/wp-json\/wp\/v2\/categories?post=70482"},{"taxonomy":"post_tag","embeddable":true,"href":"https:\/\/senoticias.com.br\/se\/wp-json\/wp\/v2\/tags?post=70482"}],"curies":[{"name":"wp","href":"https:\/\/api.w.org\/{rel}","templated":true}]}}