{"id":70474,"date":"2014-09-26T13:22:32","date_gmt":"2014-09-26T16:22:32","guid":{"rendered":"http:\/\/senoticias.com.br\/se\/?p=70474"},"modified":"2014-09-27T20:20:17","modified_gmt":"2014-09-27T23:20:17","slug":"mpt-encontra-trabalhadores-de-usina-em-condicoes-analoga-de-escravo","status":"publish","type":"post","link":"https:\/\/senoticias.com.br\/se\/mpt-encontra-trabalhadores-de-usina-em-condicoes-analoga-de-escravo\/","title":{"rendered":"MPT encontra trabalhadores de usina em condi\u00e7\u00f5es an\u00e1loga de escravo"},"content":{"rendered":"<div id=\"attachment_70475\" style=\"width: 510px\" class=\"wp-caption aligncenter\"><a href=\"http:\/\/senoticias.com.br\/se\/wp-content\/uploads\/2014\/09\/4425830006_d44386aedf_m.jpg\"><img loading=\"lazy\" decoding=\"async\" aria-describedby=\"caption-attachment-70475\" class=\"size-full wp-image-70475\" alt=\"Os trabalhadores foram encontrados sem as m\u00ednimas condi\u00e7\u00f5es de trabalho.(Foto: Ilustrativa) \" src=\"http:\/\/senoticias.com.br\/se\/wp-content\/uploads\/2014\/09\/4425830006_d44386aedf_m.jpg\" width=\"500\" height=\"335\" srcset=\"https:\/\/senoticias.com.br\/se\/wp-content\/uploads\/2014\/09\/4425830006_d44386aedf_m.jpg 500w, https:\/\/senoticias.com.br\/se\/wp-content\/uploads\/2014\/09\/4425830006_d44386aedf_m-300x201.jpg 300w, https:\/\/senoticias.com.br\/se\/wp-content\/uploads\/2014\/09\/4425830006_d44386aedf_m-342x229.jpg 342w\" sizes=\"(max-width: 500px) 100vw, 500px\" \/><\/a><p id=\"caption-attachment-70475\" class=\"wp-caption-text\">Os trabalhadores foram encontrados sem as m\u00ednimas condi\u00e7\u00f5es de trabalho.(Foto: Ilustrativa)<\/p><\/div>\n<p style=\"text-align: justify;\">No munic\u00edpio de Capela, distante a 71 km da capital sergipana, trabalhadores de uma usina de cana-de-a\u00e7\u00facar foram encontrados em condi\u00e7\u00f5es an\u00e1loga de escravo por representantes do Minist\u00e9rio P\u00fablico do Trabalho, ap\u00f3s den\u00fancia an\u00f4nima sobre irregularidades na pulveriza\u00e7\u00e3o da lavoura.<\/p>\n<p style=\"text-align: justify;\">O flagrante ocorreu nesta quinta-feira (25), no Povoado Miranda, zona rural do munic\u00edpio, onde est\u00e1 instalada a Usina Taquiri. Os Procuradores do Trabalho localizaram trabalhadores no alojamento da usina em condi\u00e7\u00f5es prec\u00e1rias.<\/p>\n<p style=\"text-align: justify;\">Durante a fiscaliza\u00e7\u00e3o, os boias-frias, como s\u00e3o chamados os cortadores de cana, estavam sem equipamentos de seguran\u00e7a, al\u00e9m de o alojamento estar \u00e9 p\u00e9ssimas condi\u00e7\u00f5es, sem geladeira e fog\u00e3o.<\/p>\n<p style=\"text-align: justify;\">Duas equipes do MPT estiveram no local e segundo a assessoria do \u00f3rg\u00e3o, aproximadamente 45 trabalhadores do Estado de Alagoas foram transportados at\u00e9 a usina para trabalhar na colheita da cana e tiveram suas carteiras de trabalho retidas pela empresa e n\u00e3o recebiam salario.<\/p>\n<p style=\"text-align: justify;\">Os respons\u00e1veis pela usina ser\u00e3o ouvidos para prestar esclarecimentos, para em seguida ser aplicado os procedimentos legais.<\/p>\n<p style=\"text-align: justify;\"><em>Com informa\u00e7\u00f5es da reda\u00e7\u00e3o Itnet.<\/em><\/p>\n<p style=\"text-align: justify;\"><strong>\u00a0Siga o SE Not\u00edcias pelo <a href=\"https:\/\/twitter.com\/Senoticias\" target=\"_blank\">Twitter <\/a>e curta pelo<a href=\"https:\/\/www.facebook.com\/PortalSENoticias\" target=\"_blank\"> Facebook<\/a><\/strong><\/p>\n","protected":false},"excerpt":{"rendered":"<p>No munic\u00edpio de Capela, distante a 71 km da capital sergipana, trabalhadores de uma usina de cana-de-a\u00e7\u00facar foram encontrados em condi\u00e7\u00f5es an\u00e1loga de escravo por representantes do Minist\u00e9rio P\u00fablico do Trabalho, ap\u00f3s den\u00fancia an\u00f4nima sobre irregularidades na pulveriza\u00e7\u00e3o da lavoura. O flagrante ocorreu nesta quinta-feira (25), no Povoado Miranda, zona rural do munic\u00edpio, onde est\u00e1 [&hellip;]<\/p>\n","protected":false},"author":1,"featured_media":70475,"comment_status":"closed","ping_status":"closed","sticky":false,"template":"","format":"standard","meta":{"footnotes":""},"categories":[310,6],"tags":[],"class_list":{"0":"post-70474","1":"post","2":"type-post","3":"status-publish","4":"format-standard","5":"has-post-thumbnail","7":"category-destaques-da-semana","8":"category-politica"},"_links":{"self":[{"href":"https:\/\/senoticias.com.br\/se\/wp-json\/wp\/v2\/posts\/70474"}],"collection":[{"href":"https:\/\/senoticias.com.br\/se\/wp-json\/wp\/v2\/posts"}],"about":[{"href":"https:\/\/senoticias.com.br\/se\/wp-json\/wp\/v2\/types\/post"}],"author":[{"embeddable":true,"href":"https:\/\/senoticias.com.br\/se\/wp-json\/wp\/v2\/users\/1"}],"replies":[{"embeddable":true,"href":"https:\/\/senoticias.com.br\/se\/wp-json\/wp\/v2\/comments?post=70474"}],"version-history":[{"count":0,"href":"https:\/\/senoticias.com.br\/se\/wp-json\/wp\/v2\/posts\/70474\/revisions"}],"wp:featuredmedia":[{"embeddable":true,"href":"https:\/\/senoticias.com.br\/se\/wp-json\/wp\/v2\/media\/70475"}],"wp:attachment":[{"href":"https:\/\/senoticias.com.br\/se\/wp-json\/wp\/v2\/media?parent=70474"}],"wp:term":[{"taxonomy":"category","embeddable":true,"href":"https:\/\/senoticias.com.br\/se\/wp-json\/wp\/v2\/categories?post=70474"},{"taxonomy":"post_tag","embeddable":true,"href":"https:\/\/senoticias.com.br\/se\/wp-json\/wp\/v2\/tags?post=70474"}],"curies":[{"name":"wp","href":"https:\/\/api.w.org\/{rel}","templated":true}]}}