{"id":70471,"date":"2014-09-26T13:02:56","date_gmt":"2014-09-26T16:02:56","guid":{"rendered":"http:\/\/senoticias.com.br\/se\/?p=70471"},"modified":"2014-09-26T13:04:09","modified_gmt":"2014-09-26T16:04:09","slug":"policia-federal-faz-incineracao-de-entorpecentes-nesta-sexta-feira","status":"publish","type":"post","link":"https:\/\/senoticias.com.br\/se\/policia-federal-faz-incineracao-de-entorpecentes-nesta-sexta-feira\/","title":{"rendered":"Pol\u00edcia Federal faz incinera\u00e7\u00e3o de entorpecentes nesta sexta-feira"},"content":{"rendered":"<div id=\"attachment_70472\" style=\"width: 310px\" class=\"wp-caption alignright\"><a href=\"http:\/\/senoticias.com.br\/se\/wp-content\/uploads\/2014\/09\/174201216914.jpg\"><img loading=\"lazy\" decoding=\"async\" aria-describedby=\"caption-attachment-70472\" class=\"size-medium wp-image-70472\" alt=\"Foto: Divulga\u00e7\u00e3o \" src=\"http:\/\/senoticias.com.br\/se\/wp-content\/uploads\/2014\/09\/174201216914-300x225.jpg\" width=\"300\" height=\"225\" srcset=\"https:\/\/senoticias.com.br\/se\/wp-content\/uploads\/2014\/09\/174201216914-300x225.jpg 300w, https:\/\/senoticias.com.br\/se\/wp-content\/uploads\/2014\/09\/174201216914-1024x768.jpg 1024w, https:\/\/senoticias.com.br\/se\/wp-content\/uploads\/2014\/09\/174201216914-342x256.jpg 342w, https:\/\/senoticias.com.br\/se\/wp-content\/uploads\/2014\/09\/174201216914-60x45.jpg 60w, https:\/\/senoticias.com.br\/se\/wp-content\/uploads\/2014\/09\/174201216914-150x113.jpg 150w, https:\/\/senoticias.com.br\/se\/wp-content\/uploads\/2014\/09\/174201216914-269x201.jpg 269w, https:\/\/senoticias.com.br\/se\/wp-content\/uploads\/2014\/09\/174201216914.jpg 2048w\" sizes=\"(max-width: 300px) 100vw, 300px\" \/><\/a><p id=\"caption-attachment-70472\" class=\"wp-caption-text\">Foto: Divulga\u00e7\u00e3o<\/p><\/div>\n<p style=\"text-align: justify;\">A Pol\u00edcia Federal em Sergipe realizar\u00e1 nesta sexta-feira (26), a incinera\u00e7\u00e3o de entorpecentes. Ser\u00e3o incinerados 983 quilos de entorpecentes, apreendidos nos \u00faltimos meses, durante opera\u00e7\u00f5es policiais. O evento contar\u00e1 com a presen\u00e7a de Fiscais da Vigil\u00e2ncia Sanit\u00e1ria, servidores do Minist\u00e9rio P\u00fablico e Representantes do Conselho Estadual de Entorpecentes e Fiscais da Adema.<\/p>\n<p style=\"text-align: justify;\">As autoriza\u00e7\u00f5es judiciais para incinera\u00e7\u00e3o dos entorpecentes foram obtidas nos ju\u00edzos das comarcas de Aracaju, Nossa Senhora do Socorro, Arau\u00e1, Po\u00e7o Verde, Est\u00e2ncia, Sim\u00e3o Dias, Canind\u00e9 do S\u00e3o Francisco, Laranjeiras, Ribeir\u00f3polis, Cristin\u00e1polis, Japaratuba e Feira de Santana\/BA.<\/p>\n<p style=\"text-align: justify;\">No ano de 2013, a Pol\u00edcia Federal em Sergipe apreendeu cerca de seis toneladas de maconha, 443 kg de coca\u00edna e crack. As apreens\u00f5es s\u00e3o fruto de opera\u00e7\u00f5es policiais que resultaram em 76 pris\u00f5es e apreens\u00e3o de 40 ve\u00edculos. J\u00e1 no ano de 2014, foram apreendidos 83 quilos de coca\u00edna, 831 quilos de crack e duas toneladas de maconha, sendo realizadas 46 pris\u00f5es e 31 ve\u00edculos apreendidos.<\/p>\n<p style=\"text-align: justify;\"><em>Fonte: PF\/SE<\/em><\/p>\n<p style=\"text-align: justify;\"><strong>Siga o SE Not\u00edcias pelo <a href=\"https:\/\/twitter.com\/Senoticias\" target=\"_blank\">Twitter<\/a> e curta pelo <a href=\"https:\/\/www.facebook.com\/PortalSENoticias\" target=\"_blank\">Facebook<\/a><\/strong><\/p>\n","protected":false},"excerpt":{"rendered":"<p>A Pol\u00edcia Federal em Sergipe realizar\u00e1 nesta sexta-feira (26), a incinera\u00e7\u00e3o de entorpecentes. Ser\u00e3o incinerados 983 quilos de entorpecentes, apreendidos nos \u00faltimos meses, durante opera\u00e7\u00f5es policiais. O evento contar\u00e1 com a presen\u00e7a de Fiscais da Vigil\u00e2ncia Sanit\u00e1ria, servidores do Minist\u00e9rio P\u00fablico e Representantes do Conselho Estadual de Entorpecentes e Fiscais da Adema. As autoriza\u00e7\u00f5es judiciais [&hellip;]<\/p>\n","protected":false},"author":1,"featured_media":70472,"comment_status":"closed","ping_status":"closed","sticky":false,"template":"","format":"standard","meta":{"footnotes":""},"categories":[7],"tags":[],"class_list":{"0":"post-70471","1":"post","2":"type-post","3":"status-publish","4":"format-standard","5":"has-post-thumbnail","7":"category-policia"},"_links":{"self":[{"href":"https:\/\/senoticias.com.br\/se\/wp-json\/wp\/v2\/posts\/70471"}],"collection":[{"href":"https:\/\/senoticias.com.br\/se\/wp-json\/wp\/v2\/posts"}],"about":[{"href":"https:\/\/senoticias.com.br\/se\/wp-json\/wp\/v2\/types\/post"}],"author":[{"embeddable":true,"href":"https:\/\/senoticias.com.br\/se\/wp-json\/wp\/v2\/users\/1"}],"replies":[{"embeddable":true,"href":"https:\/\/senoticias.com.br\/se\/wp-json\/wp\/v2\/comments?post=70471"}],"version-history":[{"count":0,"href":"https:\/\/senoticias.com.br\/se\/wp-json\/wp\/v2\/posts\/70471\/revisions"}],"wp:featuredmedia":[{"embeddable":true,"href":"https:\/\/senoticias.com.br\/se\/wp-json\/wp\/v2\/media\/70472"}],"wp:attachment":[{"href":"https:\/\/senoticias.com.br\/se\/wp-json\/wp\/v2\/media?parent=70471"}],"wp:term":[{"taxonomy":"category","embeddable":true,"href":"https:\/\/senoticias.com.br\/se\/wp-json\/wp\/v2\/categories?post=70471"},{"taxonomy":"post_tag","embeddable":true,"href":"https:\/\/senoticias.com.br\/se\/wp-json\/wp\/v2\/tags?post=70471"}],"curies":[{"name":"wp","href":"https:\/\/api.w.org\/{rel}","templated":true}]}}