{"id":70469,"date":"2014-09-26T12:48:54","date_gmt":"2014-09-26T15:48:54","guid":{"rendered":"http:\/\/senoticias.com.br\/se\/?p=70469"},"modified":"2014-09-26T12:48:54","modified_gmt":"2014-09-26T15:48:54","slug":"mae-deixa-filhos-trancados-em-casa-durante-um-dia-e-e-presa-em-aracaju","status":"publish","type":"post","link":"https:\/\/senoticias.com.br\/se\/mae-deixa-filhos-trancados-em-casa-durante-um-dia-e-e-presa-em-aracaju\/","title":{"rendered":"M\u00e3e deixa filhos trancados em casa durante um dia e \u00e9 presa em Aracaju"},"content":{"rendered":"<div id=\"attachment_57646\" style=\"width: 310px\" class=\"wp-caption alignright\"><a href=\"http:\/\/senoticias.com.br\/se\/wp-content\/uploads\/2013\/12\/grande-delegacia_plantonista_261213.jpg\"><img loading=\"lazy\" decoding=\"async\" aria-describedby=\"caption-attachment-57646\" class=\"size-medium wp-image-57646\" alt=\"Caso foi registrado pela Pol\u00edcia Militar no Bairro Novo Para\u00edso, em Aracaju. (Foto: Reprodu\u00e7\u00e3o)\" src=\"http:\/\/senoticias.com.br\/se\/wp-content\/uploads\/2013\/12\/grande-delegacia_plantonista_261213-300x199.jpg\" width=\"300\" height=\"199\" srcset=\"https:\/\/senoticias.com.br\/se\/wp-content\/uploads\/2013\/12\/grande-delegacia_plantonista_261213-300x199.jpg 300w, https:\/\/senoticias.com.br\/se\/wp-content\/uploads\/2013\/12\/grande-delegacia_plantonista_261213-342x227.jpg 342w, https:\/\/senoticias.com.br\/se\/wp-content\/uploads\/2013\/12\/grande-delegacia_plantonista_261213.jpg 1000w\" sizes=\"(max-width: 300px) 100vw, 300px\" \/><\/a><p id=\"caption-attachment-57646\" class=\"wp-caption-text\">Caso foi registrado pela Pol\u00edcia Militar no Bairro Novo Para\u00edso, em Aracaju. (Foto: Reprodu\u00e7\u00e3o)<\/p><\/div>\n<p style=\"text-align: justify;\">A Delegacia Plantonista registrou cinco pris\u00f5es nas \u00faltimas 24h. Uma por tr\u00e1fico de drogas, duas por porte ilegal de arma de fogo, uma por tentativa de furto e outra por c\u00e1rcere privado. Este \u00faltimo caso, foi registrado na noite de quinta-feira (25), no Bairro Novo Para\u00edso, em Aracaju.<\/p>\n<p style=\"text-align: justify;\">Por volta das 20h30, policiais militares foram acionados para atender a ocorr\u00eancia e encontraram uma menina de 7 anos e um adolescente de 15 trancados dentro de uma casa h\u00e1 mais de 24 horas. A m\u00e3e \u00e9 suspeita de sair e deixar eles trancafiados sem alimenta\u00e7\u00e3o e sem supervis\u00e3o de um maior.<\/p>\n<p style=\"text-align: justify;\">Um dos policiais telefonou para a m\u00e3e, uma mulher de 39 anos. Ela foi at\u00e9 o local e libertou os filhos. No Boletim de Ocorr\u00eancia, os PMs informaram que o im\u00f3vel estava em situa\u00e7\u00e3o prec\u00e1ria, sujo e com v\u00e1rios ratos e baratas. A mulher e as crian\u00e7as foram levados \u00e0 Plantonista.<\/p>\n<p style=\"text-align: justify;\">Em depoimento, a mulher informou que, quando saiu do trabalho, o carro dela quebrou e que, por isso, n\u00e3o conseguiu retornar. Contudo, ela foi contestada, inclusive, pelo filho de 15 anos. A mulher acabou autuada em flagrante por c\u00e1rcere privado.<\/p>\n<p style=\"text-align: justify;\"><em>Com informa\u00e7\u00f5es do G1SE<\/em><\/p>\n<p style=\"text-align: justify;\"><strong>Siga o SE Not\u00edcias pelo <a href=\"https:\/\/twitter.com\/Senoticias\" target=\"_blank\">Twitter<\/a> e curta pelo <a href=\"https:\/\/www.facebook.com\/PortalSENoticias\" target=\"_blank\">Facebook<\/a><\/strong><\/p>\n","protected":false},"excerpt":{"rendered":"<p>A Delegacia Plantonista registrou cinco pris\u00f5es nas \u00faltimas 24h. Uma por tr\u00e1fico de drogas, duas por porte ilegal de arma de fogo, uma por tentativa de furto e outra por c\u00e1rcere privado. Este \u00faltimo caso, foi registrado na noite de quinta-feira (25), no Bairro Novo Para\u00edso, em Aracaju. Por volta das 20h30, policiais militares foram [&hellip;]<\/p>\n","protected":false},"author":1,"featured_media":57646,"comment_status":"closed","ping_status":"closed","sticky":false,"template":"","format":"standard","meta":{"footnotes":""},"categories":[7],"tags":[],"class_list":{"0":"post-70469","1":"post","2":"type-post","3":"status-publish","4":"format-standard","5":"has-post-thumbnail","7":"category-policia"},"_links":{"self":[{"href":"https:\/\/senoticias.com.br\/se\/wp-json\/wp\/v2\/posts\/70469"}],"collection":[{"href":"https:\/\/senoticias.com.br\/se\/wp-json\/wp\/v2\/posts"}],"about":[{"href":"https:\/\/senoticias.com.br\/se\/wp-json\/wp\/v2\/types\/post"}],"author":[{"embeddable":true,"href":"https:\/\/senoticias.com.br\/se\/wp-json\/wp\/v2\/users\/1"}],"replies":[{"embeddable":true,"href":"https:\/\/senoticias.com.br\/se\/wp-json\/wp\/v2\/comments?post=70469"}],"version-history":[{"count":0,"href":"https:\/\/senoticias.com.br\/se\/wp-json\/wp\/v2\/posts\/70469\/revisions"}],"wp:featuredmedia":[{"embeddable":true,"href":"https:\/\/senoticias.com.br\/se\/wp-json\/wp\/v2\/media\/57646"}],"wp:attachment":[{"href":"https:\/\/senoticias.com.br\/se\/wp-json\/wp\/v2\/media?parent=70469"}],"wp:term":[{"taxonomy":"category","embeddable":true,"href":"https:\/\/senoticias.com.br\/se\/wp-json\/wp\/v2\/categories?post=70469"},{"taxonomy":"post_tag","embeddable":true,"href":"https:\/\/senoticias.com.br\/se\/wp-json\/wp\/v2\/tags?post=70469"}],"curies":[{"name":"wp","href":"https:\/\/api.w.org\/{rel}","templated":true}]}}