{"id":70435,"date":"2014-09-25T15:34:00","date_gmt":"2014-09-25T18:34:00","guid":{"rendered":"http:\/\/senoticias.com.br\/se\/?p=70435"},"modified":"2014-09-25T15:34:50","modified_gmt":"2014-09-25T18:34:50","slug":"petrobras-confirma-potencial-da-bacia-no-litoral-de-se","status":"publish","type":"post","link":"https:\/\/senoticias.com.br\/se\/petrobras-confirma-potencial-da-bacia-no-litoral-de-se\/","title":{"rendered":"Petrobras confirma potencial da bacia no litoral de SE"},"content":{"rendered":"<div id=\"attachment_38905\" style=\"width: 310px\" class=\"wp-caption alignright\"><a href=\"http:\/\/senoticias.com.br\/se\/wp-content\/uploads\/2012\/08\/Petrobr\u00e1s.jpg\"><img loading=\"lazy\" decoding=\"async\" aria-describedby=\"caption-attachment-38905\" class=\"size-medium wp-image-38905\" alt=\"Conhecido informalmente como Po\u00e7o Verde 1, fica localizado a 58 km da costa de Aracaju. (Foto: Arquivo SE Not\u00edcias)\" src=\"http:\/\/senoticias.com.br\/se\/wp-content\/uploads\/2012\/08\/Petrobr\u00e1s-300x225.jpg\" width=\"300\" height=\"225\" srcset=\"https:\/\/senoticias.com.br\/se\/wp-content\/uploads\/2012\/08\/Petrobr\u00e1s-300x225.jpg 300w, https:\/\/senoticias.com.br\/se\/wp-content\/uploads\/2012\/08\/Petrobr\u00e1s-342x256.jpg 342w, https:\/\/senoticias.com.br\/se\/wp-content\/uploads\/2012\/08\/Petrobr\u00e1s-60x45.jpg 60w, https:\/\/senoticias.com.br\/se\/wp-content\/uploads\/2012\/08\/Petrobr\u00e1s-150x113.jpg 150w, https:\/\/senoticias.com.br\/se\/wp-content\/uploads\/2012\/08\/Petrobr\u00e1s-269x201.jpg 269w, https:\/\/senoticias.com.br\/se\/wp-content\/uploads\/2012\/08\/Petrobr\u00e1s.jpg 590w\" sizes=\"(max-width: 300px) 100vw, 300px\" \/><\/a><p id=\"caption-attachment-38905\" class=\"wp-caption-text\">Conhecido informalmente como Po\u00e7o Verde 1, fica localizado a 58 km da costa de Aracaju. (Foto: Arquivo SE Not\u00edcias)<\/p><\/div>\n<p style=\"text-align: justify;\">A Petrobras informou nesta quarta-feira que identificou a presen\u00e7a de g\u00e1s durante a perfura\u00e7\u00e3o de po\u00e7o de extens\u00e3o na \u00e1rea do Plano de Avalia\u00e7\u00e3o da Descoberta (PAD) do Po\u00e7o Verde, na concess\u00e3o BM-SEAL-4, em \u00e1guas ultraprofundas da Bacia de Sergipe-Alagoas.<\/p>\n<p style=\"text-align: justify;\">Segundo a estatal, o novo po\u00e7o, conhecido informalmente como Po\u00e7o Verde 1, localizado a 58 km da costa de Aracaju, confirma potencial da bacia. &#8220;Foi verificada a exist\u00eancia de reservat\u00f3rios com boas condi\u00e7\u00f5es de porosidade, confirmando as expectativas do projeto&#8221;, disse a empresa em nota.<\/p>\n<p style=\"text-align: justify;\">A Petrobras \u00e9 operadora do BM-SEAL-4, com 75 por cento de participa\u00e7\u00e3o, em parceria com a companhia indiana ONGC, detentora de 25 por cento.<\/p>\n<p style=\"text-align: justify;\">O cons\u00f3rcio dar\u00e1 continuidade \u00e0s atividades previstas na \u00e1rea, segundo a estatal.<\/p>\n<p style=\"text-align: justify;\"><em>Fonte: Ag\u00eancia Reuters<\/em><\/p>\n<p style=\"text-align: justify;\"><strong>Siga o SE Not\u00edcias pelo <a href=\"https:\/\/twitter.com\/Senoticias\" target=\"_blank\">Twitter<\/a> e curta pelo <a href=\"https:\/\/www.facebook.com\/PortalSENoticias\" target=\"_blank\">Facebook<\/a><\/strong><\/p>\n","protected":false},"excerpt":{"rendered":"<p>A Petrobras informou nesta quarta-feira que identificou a presen\u00e7a de g\u00e1s durante a perfura\u00e7\u00e3o de po\u00e7o de extens\u00e3o na \u00e1rea do Plano de Avalia\u00e7\u00e3o da Descoberta (PAD) do Po\u00e7o Verde, na concess\u00e3o BM-SEAL-4, em \u00e1guas ultraprofundas da Bacia de Sergipe-Alagoas. Segundo a estatal, o novo po\u00e7o, conhecido informalmente como Po\u00e7o Verde 1, localizado a 58 [&hellip;]<\/p>\n","protected":false},"author":1,"featured_media":38905,"comment_status":"closed","ping_status":"closed","sticky":false,"template":"","format":"standard","meta":{"footnotes":""},"categories":[6],"tags":[],"class_list":{"0":"post-70435","1":"post","2":"type-post","3":"status-publish","4":"format-standard","5":"has-post-thumbnail","7":"category-politica"},"_links":{"self":[{"href":"https:\/\/senoticias.com.br\/se\/wp-json\/wp\/v2\/posts\/70435"}],"collection":[{"href":"https:\/\/senoticias.com.br\/se\/wp-json\/wp\/v2\/posts"}],"about":[{"href":"https:\/\/senoticias.com.br\/se\/wp-json\/wp\/v2\/types\/post"}],"author":[{"embeddable":true,"href":"https:\/\/senoticias.com.br\/se\/wp-json\/wp\/v2\/users\/1"}],"replies":[{"embeddable":true,"href":"https:\/\/senoticias.com.br\/se\/wp-json\/wp\/v2\/comments?post=70435"}],"version-history":[{"count":0,"href":"https:\/\/senoticias.com.br\/se\/wp-json\/wp\/v2\/posts\/70435\/revisions"}],"wp:featuredmedia":[{"embeddable":true,"href":"https:\/\/senoticias.com.br\/se\/wp-json\/wp\/v2\/media\/38905"}],"wp:attachment":[{"href":"https:\/\/senoticias.com.br\/se\/wp-json\/wp\/v2\/media?parent=70435"}],"wp:term":[{"taxonomy":"category","embeddable":true,"href":"https:\/\/senoticias.com.br\/se\/wp-json\/wp\/v2\/categories?post=70435"},{"taxonomy":"post_tag","embeddable":true,"href":"https:\/\/senoticias.com.br\/se\/wp-json\/wp\/v2\/tags?post=70435"}],"curies":[{"name":"wp","href":"https:\/\/api.w.org\/{rel}","templated":true}]}}