{"id":70432,"date":"2014-09-25T15:32:45","date_gmt":"2014-09-25T18:32:45","guid":{"rendered":"http:\/\/senoticias.com.br\/se\/?p=70432"},"modified":"2014-09-25T15:36:55","modified_gmt":"2014-09-25T18:36:55","slug":"justica-aceita-pedidos-do-mpfse-para-garantir-obras-emergenciais-contra-alagamentos-na-zona-de-expansao","status":"publish","type":"post","link":"https:\/\/senoticias.com.br\/se\/justica-aceita-pedidos-do-mpfse-para-garantir-obras-emergenciais-contra-alagamentos-na-zona-de-expansao\/","title":{"rendered":"Justi\u00e7a aceita pedidos do MPF\/SE para garantir obras emergenciais contra alagamentos na Zona de Expans\u00e3o"},"content":{"rendered":"<p style=\"text-align: justify;\"><em><strong>\u00a0<\/strong><\/em><\/p>\n<div id=\"attachment_27181\" style=\"width: 225px\" class=\"wp-caption alignright\"><a href=\"http:\/\/senoticias.com.br\/se\/wp-content\/uploads\/2012\/03\/MPF-SE.jpg\"><img loading=\"lazy\" decoding=\"async\" aria-describedby=\"caption-attachment-27181\" class=\"size-full wp-image-27181\" alt=\"\u00d3rg\u00e3os respons\u00e1veis devem apresentar solu\u00e7\u00f5es; a a\u00e7\u00e3o judicial tramita desde 2009.  (Divulga\u00e7\u00e3o)   \" src=\"http:\/\/senoticias.com.br\/se\/wp-content\/uploads\/2012\/03\/MPF-SE.jpg\" width=\"215\" height=\"234\" \/><\/a><p id=\"caption-attachment-27181\" class=\"wp-caption-text\">\u00d3rg\u00e3os respons\u00e1veis devem apresentar solu\u00e7\u00f5es; a a\u00e7\u00e3o judicial tramita desde 2009. (Divulga\u00e7\u00e3o)<\/p><\/div>\n<p style=\"text-align: justify;\">Ap\u00f3s pedido do Minist\u00e9rio P\u00fablico Federal em Sergipe (MPF\/SE), a Justi\u00e7a Federal determinou que a Prefeitura Municipal de Aracaju, as empresas municipais de Urbanismo (Emurb) e de Servi\u00e7os Urbanos (Emsurb) solucionem os problemas de alagamentos na Zona de Expans\u00e3o de Aracaju. A a\u00e7\u00e3o judicial tramita h\u00e1 cinco anos.<\/p>\n<p style=\"text-align: justify;\">Em maio de 2009, o MPF\/SE ingressou com uma a\u00e7\u00e3o civil p\u00fablica pedindo que fossem solucionados, em definitivo, os problemas de saneamento b\u00e1sico da Zona de Expans\u00e3o de Aracaju. A Justi\u00e7a Federal j\u00e1 havia determinado, liminarmente, diversas a\u00e7\u00f5es emergenciais na \u00e1rea, como as obras de drenagem feitas pela Prefeitura de Aracaju, a concess\u00e3o de caminh\u00f5es limpa-fossa pela Caixa, Prefeitura de Aracaju e Governo do Estado a servi\u00e7o da popula\u00e7\u00e3o da \u00e1rea e a proibi\u00e7\u00e3o de autoriza\u00e7\u00e3o de novas constru\u00e7\u00f5es na regi\u00e3o<\/p>\n<p style=\"text-align: justify;\"><strong>Decis\u00f5es \u2013<\/strong> Depois da peti\u00e7\u00e3o, a Justi\u00e7a determinou que a Emurb traga solu\u00e7\u00f5es para o problema do esgotamento sanit\u00e1rio das constru\u00e7\u00f5es nos loteamentos Aqu\u00e1rios e Maria Lourdes Gomes e que a Emsurb apresente o relat\u00f3rio sobre os sistemas de drenagem inseridos no Plano de A\u00e7\u00e3o Emergencial e Paliativa que ficou a cargo da Petrobras e da Emurb<\/p>\n<p style=\"text-align: justify;\">Al\u00e9m disso, ficou determinado que a Emurb providencie m\u00e1quinas para abrir valas e colocar manilhas em ruas dos bairros 17 de Mar\u00e7o e do Mosqueiro e apresente avalia\u00e7\u00e3o dos pontos de alagamento do Bairro Santa Maria ocasionados pela vaz\u00e3o do canal de mesmo nome.<\/p>\n<p style=\"text-align: justify;\">\u00c0 Emurb tamb\u00e9m cabe esclarecer as causas dos alagamentos que v\u00eam ocorrendo na esquina do Restaurante O Miguel, pois o asfalto da \u00e1rea est\u00e1 cedendo ap\u00f3s a obra do Canal Costa do Sol.<\/p>\n<p style=\"text-align: justify;\">J\u00e1 ao munic\u00edpio de Aracaju, compete prestar informa\u00e7\u00f5es sobre as medidas adotadas pela Defesa Civil em rela\u00e7\u00e3o aos atingidos pelo deslizamento de terra no Morro do Avi\u00e3o, al\u00e9m de comprovar atrav\u00e9s de cronograma f\u00edsico-financeiro a execu\u00e7\u00e3o das obras do Canal Beira Mar.<\/p>\n<p style=\"text-align: justify;\">A a\u00e7\u00e3o tramita na Justi\u00e7a Federal com o n\u00famero 0002637-41.2009.4.05.8500.<\/p>\n<p><strong>\u00a0Siga o SE Not\u00edcias pelo <a href=\" https:\/\/twitter.com\/Senoticias\" target=\"_blank\">Twitter <\/a>e curta no <a href=\"  https:\/\/www.facebook.com\/PortalSENoticias\" target=\"_blank\">Facebook<\/a><\/strong><\/p>\n<p><strong><em>Assessoria de Comunica\u00e7\u00e3o<\/em><\/strong><br \/>\n<strong><em>Minist\u00e9rio P\u00fablico Federal em Sergipe<\/em><\/strong><\/p>\n<p>&nbsp;<\/p>\n","protected":false},"excerpt":{"rendered":"<p>\u00a0 Ap\u00f3s pedido do Minist\u00e9rio P\u00fablico Federal em Sergipe (MPF\/SE), a Justi\u00e7a Federal determinou que a Prefeitura Municipal de Aracaju, as empresas municipais de Urbanismo (Emurb) e de Servi\u00e7os Urbanos (Emsurb) solucionem os problemas de alagamentos na Zona de Expans\u00e3o de Aracaju. A a\u00e7\u00e3o judicial tramita h\u00e1 cinco anos. Em maio de 2009, o MPF\/SE [&hellip;]<\/p>\n","protected":false},"author":1,"featured_media":27181,"comment_status":"closed","ping_status":"closed","sticky":false,"template":"","format":"standard","meta":{"footnotes":""},"categories":[310],"tags":[],"class_list":{"0":"post-70432","1":"post","2":"type-post","3":"status-publish","4":"format-standard","5":"has-post-thumbnail","7":"category-destaques-da-semana"},"_links":{"self":[{"href":"https:\/\/senoticias.com.br\/se\/wp-json\/wp\/v2\/posts\/70432"}],"collection":[{"href":"https:\/\/senoticias.com.br\/se\/wp-json\/wp\/v2\/posts"}],"about":[{"href":"https:\/\/senoticias.com.br\/se\/wp-json\/wp\/v2\/types\/post"}],"author":[{"embeddable":true,"href":"https:\/\/senoticias.com.br\/se\/wp-json\/wp\/v2\/users\/1"}],"replies":[{"embeddable":true,"href":"https:\/\/senoticias.com.br\/se\/wp-json\/wp\/v2\/comments?post=70432"}],"version-history":[{"count":0,"href":"https:\/\/senoticias.com.br\/se\/wp-json\/wp\/v2\/posts\/70432\/revisions"}],"wp:featuredmedia":[{"embeddable":true,"href":"https:\/\/senoticias.com.br\/se\/wp-json\/wp\/v2\/media\/27181"}],"wp:attachment":[{"href":"https:\/\/senoticias.com.br\/se\/wp-json\/wp\/v2\/media?parent=70432"}],"wp:term":[{"taxonomy":"category","embeddable":true,"href":"https:\/\/senoticias.com.br\/se\/wp-json\/wp\/v2\/categories?post=70432"},{"taxonomy":"post_tag","embeddable":true,"href":"https:\/\/senoticias.com.br\/se\/wp-json\/wp\/v2\/tags?post=70432"}],"curies":[{"name":"wp","href":"https:\/\/api.w.org\/{rel}","templated":true}]}}