{"id":70431,"date":"2014-09-25T15:26:25","date_gmt":"2014-09-25T18:26:25","guid":{"rendered":"http:\/\/senoticias.com.br\/se\/?p=70431"},"modified":"2014-09-25T15:40:49","modified_gmt":"2014-09-25T18:40:49","slug":"ssp-anuncia-concurso-publico-para-a-policia-civil-120-vagas","status":"publish","type":"post","link":"https:\/\/senoticias.com.br\/se\/ssp-anuncia-concurso-publico-para-a-policia-civil-120-vagas\/","title":{"rendered":"Secretaria de Seguran\u00e7a P\u00fablica anuncia concurso p\u00fablico para a Pol\u00edcia Civil"},"content":{"rendered":"<div id=\"attachment_70433\" style=\"width: 310px\" class=\"wp-caption alignright\"><a href=\"http:\/\/senoticias.com.br\/se\/wp-content\/uploads\/2014\/09\/2592014142652.jpg\"><img loading=\"lazy\" decoding=\"async\" aria-describedby=\"caption-attachment-70433\" class=\"size-medium wp-image-70433\" alt=\"Foto: SSP\" src=\"http:\/\/senoticias.com.br\/se\/wp-content\/uploads\/2014\/09\/2592014142652-300x199.jpg\" width=\"300\" height=\"199\" srcset=\"https:\/\/senoticias.com.br\/se\/wp-content\/uploads\/2014\/09\/2592014142652-300x199.jpg 300w, https:\/\/senoticias.com.br\/se\/wp-content\/uploads\/2014\/09\/2592014142652-342x227.jpg 342w, https:\/\/senoticias.com.br\/se\/wp-content\/uploads\/2014\/09\/2592014142652.jpg 572w\" sizes=\"(max-width: 300px) 100vw, 300px\" \/><\/a><p id=\"caption-attachment-70433\" class=\"wp-caption-text\">Foto: SSP<\/p><\/div>\n<p style=\"text-align: justify;\">O secret\u00e1rio adjunto da seguran\u00e7a p\u00fablica, Jo\u00e3o Batista, e a delegada geral da Pol\u00edcia Civil, Katarina Feitoza, anunciaram, na manh\u00e3 desta quinta-feira (25), o lan\u00e7amento do edital do concurso p\u00fablico que prev\u00ea vagas para as carreiras de agente de pol\u00edcia civil e escriv\u00e3o. O edital ser\u00e1 publicado nesta sexta-feira (26), no Di\u00e1rio Oficial do Estado e no site da Secretaria de Estado da Seguran\u00e7a P\u00fablica (www.ssp.se.gov.br).<\/p>\n<p style=\"text-align: justify;\">Ser\u00e3o ofertadas 100 vagas para o cargo de agente de pol\u00edcia e 20 para a fun\u00e7\u00e3o de escriv\u00e3o. A empresa paulista Instituto Brasileiro de Forma\u00e7\u00e3o e Capta\u00e7\u00e3o (IBFC), que j\u00e1 realizou provas das pol\u00edcias do estado do Rio de Janeiro e do Minist\u00e9rio P\u00fablico de S\u00e3o Paulo, ser\u00e1 a respons\u00e1vel pelo processo seletivo em Sergipe.<\/p>\n<p style=\"text-align: justify;\">Para o secret\u00e1rio adjunto da SSP, Jo\u00e3o Batista, o concurso p\u00fablico vai intensificar o trabalho da Pol\u00edcia Civil no estado. \u201cAp\u00f3s uma reconstru\u00e7\u00e3o da seguran\u00e7a p\u00fablica de Sergipe com investimentos de infraestrutura, viaturas, armamentos, tecnologia, valoriza\u00e7\u00e3o salarial entre outras \u00e1reas. Chegou a hora de oxigenar os quadros da base da Policia Civil com a realiza\u00e7\u00e3o do concurso p\u00fablico\u201d, destacou Batista.<\/p>\n<p style=\"text-align: justify;\">A delegada geral da Pol\u00edcia Civil, Katarina Feitoza, afirmou que o concurso representa o fortalecimento da Institui\u00e7\u00e3o. \u201cCom o concurso, vamos intensificar o trabalho da Pol\u00edcia Civil na capital e interior e melhorar, ainda mais, a qualidade dos servi\u00e7os oferecidos \u00e0 popula\u00e7\u00e3o sergipana\u201d, comemorou Katarina.<\/p>\n<p style=\"text-align: justify;\">As provas acontecer\u00e3o no dia 30 de novembro deste ano e os candidatos ter\u00e3o a possibilidade de concorrer para os dois cargos desde que tenham n\u00edvel superior em qualquer \u00e1rea. O concurso para agente acontecer\u00e1 no per\u00edodo da manh\u00e3 e escriv\u00e3o \u00e0 tarde. O sal\u00e1rio inicial para os dois cargos \u00e9 de R$ 4.500,00 chegando ao final da carreira a R$ 11.000,00.<\/p>\n<p style=\"text-align: justify;\">\u201cHoje nossa pol\u00edcia \u00e9 uma das mais bem pagas do Brasil. O Governo do Estado inicialmente resgatou a autoestima dos policiais com uma pol\u00edtica salarial que vem sendo copiada em outros Estados e agora \u00e9 o momento de aumentarmos o efetivo. Vamos convocar cinco vezes o n\u00famero das vagas oferecidas para o curso de forma\u00e7\u00e3o, totalizando 500 agentes e 100 escriv\u00e3es. O concurso tem validade de dois anos e poder\u00e1 ser poss\u00edvel o aproveitamento de todos os convocados\u201d, finalizou Katarina Feitoza.<\/p>\n<p style=\"text-align: justify;\"><em>Fonte: Assessoria de Comunica\u00e7\u00e3o\/SSP<\/em><\/p>\n<p style=\"text-align: justify;\"><strong>Siga o SE Not\u00edcias pelo <a href=\"https:\/\/twitter.com\/Senoticias\" target=\"_blank\">Twitter <\/a>e curta pelo <a href=\"https:\/\/www.facebook.com\/PortalSENoticias\" target=\"_blank\">Facebook\u00a0<\/a><\/strong><\/p>\n","protected":false},"excerpt":{"rendered":"<p>O secret\u00e1rio adjunto da seguran\u00e7a p\u00fablica, Jo\u00e3o Batista, e a delegada geral da Pol\u00edcia Civil, Katarina Feitoza, anunciaram, na manh\u00e3 desta quinta-feira (25), o lan\u00e7amento do edital do concurso p\u00fablico que prev\u00ea vagas para as carreiras de agente de pol\u00edcia civil e escriv\u00e3o. O edital ser\u00e1 publicado nesta sexta-feira (26), no Di\u00e1rio Oficial do Estado [&hellip;]<\/p>\n","protected":false},"author":1,"featured_media":70433,"comment_status":"closed","ping_status":"closed","sticky":false,"template":"","format":"standard","meta":{"footnotes":""},"categories":[9,6],"tags":[],"class_list":{"0":"post-70431","1":"post","2":"type-post","3":"status-publish","4":"format-standard","5":"has-post-thumbnail","7":"category-concursos","8":"category-politica"},"_links":{"self":[{"href":"https:\/\/senoticias.com.br\/se\/wp-json\/wp\/v2\/posts\/70431"}],"collection":[{"href":"https:\/\/senoticias.com.br\/se\/wp-json\/wp\/v2\/posts"}],"about":[{"href":"https:\/\/senoticias.com.br\/se\/wp-json\/wp\/v2\/types\/post"}],"author":[{"embeddable":true,"href":"https:\/\/senoticias.com.br\/se\/wp-json\/wp\/v2\/users\/1"}],"replies":[{"embeddable":true,"href":"https:\/\/senoticias.com.br\/se\/wp-json\/wp\/v2\/comments?post=70431"}],"version-history":[{"count":0,"href":"https:\/\/senoticias.com.br\/se\/wp-json\/wp\/v2\/posts\/70431\/revisions"}],"wp:featuredmedia":[{"embeddable":true,"href":"https:\/\/senoticias.com.br\/se\/wp-json\/wp\/v2\/media\/70433"}],"wp:attachment":[{"href":"https:\/\/senoticias.com.br\/se\/wp-json\/wp\/v2\/media?parent=70431"}],"wp:term":[{"taxonomy":"category","embeddable":true,"href":"https:\/\/senoticias.com.br\/se\/wp-json\/wp\/v2\/categories?post=70431"},{"taxonomy":"post_tag","embeddable":true,"href":"https:\/\/senoticias.com.br\/se\/wp-json\/wp\/v2\/tags?post=70431"}],"curies":[{"name":"wp","href":"https:\/\/api.w.org\/{rel}","templated":true}]}}