{"id":70423,"date":"2014-09-25T15:09:09","date_gmt":"2014-09-25T18:09:09","guid":{"rendered":"http:\/\/senoticias.com.br\/se\/?p=70423"},"modified":"2014-09-25T15:42:22","modified_gmt":"2014-09-25T18:42:22","slug":"velho-chico-seca-da-nascente-nao-atinge-se","status":"publish","type":"post","link":"https:\/\/senoticias.com.br\/se\/velho-chico-seca-da-nascente-nao-atinge-se\/","title":{"rendered":"Velho Chico: seca da nascente n\u00e3o atinge Sergipe"},"content":{"rendered":"<p style=\"text-align: justify;\">Mudan\u00e7as clim\u00e1ticas associadas a uma gest\u00e3o desfavor\u00e1vel \u00e0s \u00e1guas do Rio S\u00e3o Francisco s\u00e3o fatores desencadeadores de uma anunciada grave decad\u00eancia do Velho Chico, cuja nascente na Serra da Canastra, em Minas Gerais, secou. A situa\u00e7\u00e3o n\u00e3o chega a comprometer a vaz\u00e3o do Rio S\u00e3o Francisco, uma vez que este possui diversos afluentes, por\u00e9m se demonstra como uma evid\u00eancia da degrada\u00e7\u00e3o de suas \u00e1guas e a necessidade urgente de rever h\u00e1bitos, avaliar prioridades e evitar maior devasta\u00e7\u00e3o.<\/p>\n<div id=\"attachment_70424\" style=\"width: 568px\" class=\"wp-caption aligncenter\"><a href=\"http:\/\/senoticias.com.br\/se\/wp-content\/uploads\/2014\/09\/1_news_66_db83e029f71c0e55d96e3430054a4fca.jpg\"><img loading=\"lazy\" decoding=\"async\" aria-describedby=\"caption-attachment-70424\" class=\" wp-image-70424 \" alt=\"Foto: Jorge Henrique\/ Equipe JC\" src=\"http:\/\/senoticias.com.br\/se\/wp-content\/uploads\/2014\/09\/1_news_66_db83e029f71c0e55d96e3430054a4fca.jpg\" width=\"558\" height=\"370\" srcset=\"https:\/\/senoticias.com.br\/se\/wp-content\/uploads\/2014\/09\/1_news_66_db83e029f71c0e55d96e3430054a4fca.jpg 620w, https:\/\/senoticias.com.br\/se\/wp-content\/uploads\/2014\/09\/1_news_66_db83e029f71c0e55d96e3430054a4fca-300x198.jpg 300w, https:\/\/senoticias.com.br\/se\/wp-content\/uploads\/2014\/09\/1_news_66_db83e029f71c0e55d96e3430054a4fca-342x226.jpg 342w\" sizes=\"(max-width: 558px) 100vw, 558px\" \/><\/a><p id=\"caption-attachment-70424\" class=\"wp-caption-text\">Foto: Jorge Henrique\/ Equipe JC<\/p><\/div>\n<p style=\"text-align: justify;\">\u00c9 com esse discurso que o pesquisador do laborat\u00f3rio Georioemar da Universidade Federal de Sergipe (UFS), o ge\u00f3logo Lu\u00eds Fontes, alerta para a tomada de provid\u00eancias que visem impedir uma um impacto devastador tanto para a flora e fauna no \u2018Velho Chico\u2019 quanto para as popula\u00e7\u00f5es ribeirinhas. \u201cO fator da seca da fonte da Serra da Canastra evidencia as mudan\u00e7as clim\u00e1ticas que estamos tendo ao longo dos anos, afetando o meio ambiente e tamb\u00e9m as pr\u00f3prias a\u00e7\u00f5es humanas. Isso demonstra que algo muito grave est\u00e1 acontecendo e que amanh\u00e3 poder\u00e1 ser pior. Infelizmente, hoje temos que o setor de energia domina as \u00e1guas do Rio S\u00e3o Francisco, controlando suas vaz\u00f5es, sem sequer consultar as popula\u00e7\u00f5es ribeirinhas, aqueles que dependem do rio. O setor energ\u00e9tico toma decis\u00e3o de acordo com os seus interesses e a\u00ed temos consequ\u00eancias graves para todo o rio\u201d, explicou Lu\u00eds Fontes.<\/p>\n<p style=\"text-align: justify;\">Sobre a obra de transposi\u00e7\u00e3o do Rio S\u00e3o Francisco, cuja conclus\u00e3o prevista para o pr\u00f3ximo ano foi adiada para 2016, o ge\u00f3logo destaca a invers\u00e3o de a\u00e7\u00f5es pelo Governo Federal para execu\u00e7\u00e3o de uma grandiosa interven\u00e7\u00e3o que afetar\u00e1, sobremaneira, o subm\u00e9dio e Baixo S\u00e3o Francisco. \u201cA transposi\u00e7\u00e3o \u00e9 uma verdadeira amea\u00e7a ao rio, pois n\u00e3o foram levadas em considera\u00e7\u00e3o as necessidades das pessoas que dependem dele, nem mesmo da sua fauna e flora. Ao inv\u00e9s de iniciar com uma recupera\u00e7\u00e3o das \u00e1guas, o Governo Federal deu in\u00edcio \u00e0s obras, sem avaliar o seu impacto. Houve uma invers\u00e3o e estamos vivenciando essa decad\u00eancia\u201d, afirmou.<\/p>\n<p style=\"text-align: justify;\">Para Lu\u00eds Fontes, quanto mais demorar a finaliza\u00e7\u00e3o da grandiosa obra de transposi\u00e7\u00e3o, melhor para o conhecimento da real situa\u00e7\u00e3o em que se encontra o rio, cujo curso de \u00e1guas banha os estados de Minas Gerais, Bahia, Sergipe, Pernambuco e Alagoas. \u201cQuanto mais tempo demorar para se concretizar, o Rio S\u00e3o Francisco vai demonstrar a realidade da sua degrada\u00e7\u00e3o e ent\u00e3o o Brasil ter\u00e1 consci\u00eancia e, quem sabe, a popula\u00e7\u00e3o pol\u00edtica dos estados por onde passa o rio exija que sejam feitas compensa\u00e7\u00f5es para manter o rio. Essa obra de transposi\u00e7\u00e3o n\u00e3o era necess\u00e1ria neste momento, sendo preciso incialmente a sua revitaliza\u00e7\u00e3o. Mas, o governo preferiu inverter a ordem. \u00c9 agora a perspectiva triste e preocupante\u201d, disse o pesquisador do laborat\u00f3rio Georioemar da Universidade Federal de Sergipe (UFS).<\/p>\n<p style=\"text-align: justify;\"><strong>Recupera\u00e7\u00e3o da fonte<\/strong><\/p>\n<p style=\"text-align: justify;\">De acordo com o ge\u00f3logo Lu\u00eds Fontes, a recupera\u00e7\u00e3o da fonte na Serra da Canastra est\u00e1 associada a um complexo de fatores clim\u00e1ticos, cuja an\u00e1lise \u00e9 dificultada pela n\u00e3o linearidade de ocorr\u00eancias. \u201c\u00c9 um ciclo de mudan\u00e7as clim\u00e1ticas ao longo dos anos que influencia no retorno de \u00e1gua \u00e0 fonte, possibilitando assim a recupera\u00e7\u00e3o da situa\u00e7\u00e3o original. O ver\u00e3o est\u00e1 chegando, e com ele as chuvas, por\u00e9m n\u00e3o sabemos se ser\u00e3o chuvas de pouca intensidade ou torrenciais. Tudo isso influencia, da\u00ed a import\u00e2ncia de analisar essas mudan\u00e7as e gerir as \u00e1guas do Rio S\u00e3o Francisco n\u00e3o apenas com o objetivo de atender aos interesses do setor energ\u00e9tico, mas aos anseios das popula\u00e7\u00f5es que dependem dele para sobreviver, e promover a recupera\u00e7\u00e3o do rio\u201d, destacou.<\/p>\n<p style=\"text-align: justify;\"><em>Com informa\u00e7\u00f5es da jornalista Gilmara Costa\/ Equipe JC<\/em><\/p>\n<p style=\"text-align: justify;\"><strong>Siga o SE Not\u00edcias pelo <a href=\"https:\/\/twitter.com\/Senoticias\" target=\"_blank\">Twitter <\/a>e curta pelo <a href=\"https:\/\/www.facebook.com\/PortalSENoticias\" target=\"_blank\">Facebook<\/a><\/strong><\/p>\n","protected":false},"excerpt":{"rendered":"<p>Mudan\u00e7as clim\u00e1ticas associadas a uma gest\u00e3o desfavor\u00e1vel \u00e0s \u00e1guas do Rio S\u00e3o Francisco s\u00e3o fatores desencadeadores de uma anunciada grave decad\u00eancia do Velho Chico, cuja nascente na Serra da Canastra, em Minas Gerais, secou. A situa\u00e7\u00e3o n\u00e3o chega a comprometer a vaz\u00e3o do Rio S\u00e3o Francisco, uma vez que este possui diversos afluentes, por\u00e9m se [&hellip;]<\/p>\n","protected":false},"author":1,"featured_media":70424,"comment_status":"closed","ping_status":"closed","sticky":false,"template":"","format":"standard","meta":{"footnotes":""},"categories":[38],"tags":[],"class_list":{"0":"post-70423","1":"post","2":"type-post","3":"status-publish","4":"format-standard","5":"has-post-thumbnail","7":"category-municipios"},"_links":{"self":[{"href":"https:\/\/senoticias.com.br\/se\/wp-json\/wp\/v2\/posts\/70423"}],"collection":[{"href":"https:\/\/senoticias.com.br\/se\/wp-json\/wp\/v2\/posts"}],"about":[{"href":"https:\/\/senoticias.com.br\/se\/wp-json\/wp\/v2\/types\/post"}],"author":[{"embeddable":true,"href":"https:\/\/senoticias.com.br\/se\/wp-json\/wp\/v2\/users\/1"}],"replies":[{"embeddable":true,"href":"https:\/\/senoticias.com.br\/se\/wp-json\/wp\/v2\/comments?post=70423"}],"version-history":[{"count":0,"href":"https:\/\/senoticias.com.br\/se\/wp-json\/wp\/v2\/posts\/70423\/revisions"}],"wp:featuredmedia":[{"embeddable":true,"href":"https:\/\/senoticias.com.br\/se\/wp-json\/wp\/v2\/media\/70424"}],"wp:attachment":[{"href":"https:\/\/senoticias.com.br\/se\/wp-json\/wp\/v2\/media?parent=70423"}],"wp:term":[{"taxonomy":"category","embeddable":true,"href":"https:\/\/senoticias.com.br\/se\/wp-json\/wp\/v2\/categories?post=70423"},{"taxonomy":"post_tag","embeddable":true,"href":"https:\/\/senoticias.com.br\/se\/wp-json\/wp\/v2\/tags?post=70423"}],"curies":[{"name":"wp","href":"https:\/\/api.w.org\/{rel}","templated":true}]}}