{"id":70419,"date":"2014-09-25T14:53:29","date_gmt":"2014-09-25T17:53:29","guid":{"rendered":"http:\/\/senoticias.com.br\/se\/?p=70419"},"modified":"2014-09-25T14:54:59","modified_gmt":"2014-09-25T17:54:59","slug":"prazo-para-eleitor-requerer-segunda-via-do-titulo-termina-nesta-quinta-feira","status":"publish","type":"post","link":"https:\/\/senoticias.com.br\/se\/prazo-para-eleitor-requerer-segunda-via-do-titulo-termina-nesta-quinta-feira\/","title":{"rendered":"Prazo para eleitor requerer segunda via do t\u00edtulo termina nesta quinta-feira"},"content":{"rendered":"<div id=\"attachment_70420\" style=\"width: 568px\" class=\"wp-caption aligncenter\"><a href=\"http:\/\/senoticias.com.br\/se\/wp-content\/uploads\/2014\/09\/dsc_1413-1.jpg\"><img loading=\"lazy\" decoding=\"async\" aria-describedby=\"caption-attachment-70420\" class=\" wp-image-70420 \" alt=\"Movimento foi t\u00edmido na manh\u00e3 desta quinta-feira no Cart\u00f3rio Central, localizado na Rua Itabaiana (Foto: Daniel Soares \/ G1)\" src=\"http:\/\/senoticias.com.br\/se\/wp-content\/uploads\/2014\/09\/dsc_1413-1.jpg\" width=\"558\" height=\"419\" srcset=\"https:\/\/senoticias.com.br\/se\/wp-content\/uploads\/2014\/09\/dsc_1413-1.jpg 620w, https:\/\/senoticias.com.br\/se\/wp-content\/uploads\/2014\/09\/dsc_1413-1-300x225.jpg 300w, https:\/\/senoticias.com.br\/se\/wp-content\/uploads\/2014\/09\/dsc_1413-1-342x256.jpg 342w, https:\/\/senoticias.com.br\/se\/wp-content\/uploads\/2014\/09\/dsc_1413-1-60x45.jpg 60w, https:\/\/senoticias.com.br\/se\/wp-content\/uploads\/2014\/09\/dsc_1413-1-150x113.jpg 150w, https:\/\/senoticias.com.br\/se\/wp-content\/uploads\/2014\/09\/dsc_1413-1-269x201.jpg 269w\" sizes=\"(max-width: 558px) 100vw, 558px\" \/><\/a><p id=\"caption-attachment-70420\" class=\"wp-caption-text\">Movimento foi t\u00edmido na manh\u00e3 desta quinta-feira no Cart\u00f3rio Central, localizado na Rua Itabaiana (Foto: Daniel Soares \/ G1)<\/p><\/div>\n<p style=\"text-align: justify;\">Encerra-se nesta quinta-feira (25), o prazo para que os eleitores solicitem a segunda via do t\u00edtulo de eleitor. O movimento foi t\u00edmido durante a manh\u00e3 de hoje nos cart\u00f3rios eleitorais de Sergipe.<\/p>\n<p style=\"text-align: justify;\">Segundo Ricardo Ribeiro, assessor de comunica\u00e7\u00e3o do Tribunal Regional Eleitoral (TRE), a baixa procura pode estar relacionada ao fato de que o eleitor n\u00e3o precisa do t\u00edtulo para votar. \u201cDevido \u00e0 biometria, basta apenas que o eleitor leve um documento com foto que poder\u00e1 votar normalmente\u201d, explica.<\/p>\n<p style=\"text-align: justify;\">No entanto, ele lembra que se por quaisquer outros motivos o eleitor deixar de votar, ele ser\u00e1 punido. \u201cEle estar\u00e1 em d\u00e9bito com a Justi\u00e7a Eleitoral e sofrer\u00e1 as san\u00e7\u00f5es cab\u00edveis at\u00e9 se regularizar\u201d, comenta Ricardo.<\/p>\n<p style=\"text-align: justify;\">O atendimento nos cart\u00f3rios seguem at\u00e9 \u00e0s 14h. Ricardo conta que n\u00e3o houve aumento no contingente de atendimento neste \u00faltimo dia, pois j\u00e1 se esperava um movimento normal. Por isso, aqueles que procuraram o servi\u00e7o fizeram o procedimento em menos de cinco minutos, em m\u00e9dia.<\/p>\n<p style=\"text-align: justify;\">O industri\u00e1rio Jos\u00e9 Em\u00edlio Lisboa deixou para requerer a segunda via no limite do prazo. Ele perdeu o t\u00edtulo e outros documentos em um assalto h\u00e1 seis meses. \u201cEstava trabalhando e n\u00e3o pude vir antes\u201d, justifica. Sem filas, ele n\u00e3o encontrou problemas para solicitar o documento. \u201cFoi muito r\u00e1pido. At\u00e9 me surpreendi\u201d, conta ele.<\/p>\n<p style=\"text-align: justify;\"><em>Com informa\u00e7\u00f5es do TRE e do G1SE<\/em><\/p>\n<p style=\"text-align: justify;\"><strong>Siga o SE Not\u00edcias pelo <a href=\"https:\/\/twitter.com\/Senoticias\" target=\"_blank\">Twitter<\/a> e curta pelo<a href=\"https:\/\/www.facebook.com\/PortalSENoticias\" target=\"_blank\"> Facebook<\/a><\/strong><\/p>\n","protected":false},"excerpt":{"rendered":"<p>Encerra-se nesta quinta-feira (25), o prazo para que os eleitores solicitem a segunda via do t\u00edtulo de eleitor. O movimento foi t\u00edmido durante a manh\u00e3 de hoje nos cart\u00f3rios eleitorais de Sergipe. Segundo Ricardo Ribeiro, assessor de comunica\u00e7\u00e3o do Tribunal Regional Eleitoral (TRE), a baixa procura pode estar relacionada ao fato de que o eleitor [&hellip;]<\/p>\n","protected":false},"author":1,"featured_media":70420,"comment_status":"closed","ping_status":"closed","sticky":false,"template":"","format":"standard","meta":{"footnotes":""},"categories":[6],"tags":[],"class_list":{"0":"post-70419","1":"post","2":"type-post","3":"status-publish","4":"format-standard","5":"has-post-thumbnail","7":"category-politica"},"_links":{"self":[{"href":"https:\/\/senoticias.com.br\/se\/wp-json\/wp\/v2\/posts\/70419"}],"collection":[{"href":"https:\/\/senoticias.com.br\/se\/wp-json\/wp\/v2\/posts"}],"about":[{"href":"https:\/\/senoticias.com.br\/se\/wp-json\/wp\/v2\/types\/post"}],"author":[{"embeddable":true,"href":"https:\/\/senoticias.com.br\/se\/wp-json\/wp\/v2\/users\/1"}],"replies":[{"embeddable":true,"href":"https:\/\/senoticias.com.br\/se\/wp-json\/wp\/v2\/comments?post=70419"}],"version-history":[{"count":0,"href":"https:\/\/senoticias.com.br\/se\/wp-json\/wp\/v2\/posts\/70419\/revisions"}],"wp:featuredmedia":[{"embeddable":true,"href":"https:\/\/senoticias.com.br\/se\/wp-json\/wp\/v2\/media\/70420"}],"wp:attachment":[{"href":"https:\/\/senoticias.com.br\/se\/wp-json\/wp\/v2\/media?parent=70419"}],"wp:term":[{"taxonomy":"category","embeddable":true,"href":"https:\/\/senoticias.com.br\/se\/wp-json\/wp\/v2\/categories?post=70419"},{"taxonomy":"post_tag","embeddable":true,"href":"https:\/\/senoticias.com.br\/se\/wp-json\/wp\/v2\/tags?post=70419"}],"curies":[{"name":"wp","href":"https:\/\/api.w.org\/{rel}","templated":true}]}}