{"id":70418,"date":"2014-09-25T13:40:46","date_gmt":"2014-09-25T16:40:46","guid":{"rendered":"http:\/\/senoticias.com.br\/se\/?p=70418"},"modified":"2014-09-26T15:38:42","modified_gmt":"2014-09-26T18:38:42","slug":"delegada-de-itaporanga-indicia-pai-e-conselheiro-do-caso-da-suposta-rede-de-pedofilia","status":"publish","type":"post","link":"https:\/\/senoticias.com.br\/se\/delegada-de-itaporanga-indicia-pai-e-conselheiro-do-caso-da-suposta-rede-de-pedofilia\/","title":{"rendered":"Delegada de Itaporanga indicia pai e conselheiro do caso da suposta rede de pedofilia"},"content":{"rendered":"<p style=\"text-align: justify;\"><em><strong>Por Aisla Vasconcelos,<a href=\"http:\/\/www.infonet.com.br\/cidade\/ler.asp?id=163589&amp;pagina=1\" target=\"_blank\"> Portal Infonet<\/a><\/strong><\/em><\/p>\n<div id=\"attachment_70400\" style=\"width: 310px\" class=\"wp-caption alignright\"><a href=\"http:\/\/senoticias.com.br\/se\/wp-content\/uploads\/2014\/09\/DSC_1816.jpg\"><img loading=\"lazy\" decoding=\"async\" aria-describedby=\"caption-attachment-70400\" class=\"size-medium wp-image-70400\" alt=\" Delegada Dr\u00aa Mariana Andrade, respons\u00e1vel pelo inqu\u00e9rito. (Foto: SE Not\u00edcias) \" src=\"http:\/\/senoticias.com.br\/se\/wp-content\/uploads\/2014\/09\/DSC_1816-300x211.jpg\" width=\"300\" height=\"211\" srcset=\"https:\/\/senoticias.com.br\/se\/wp-content\/uploads\/2014\/09\/DSC_1816-300x211.jpg 300w, https:\/\/senoticias.com.br\/se\/wp-content\/uploads\/2014\/09\/DSC_1816-342x241.jpg 342w, https:\/\/senoticias.com.br\/se\/wp-content\/uploads\/2014\/09\/DSC_1816.jpg 553w\" sizes=\"(max-width: 300px) 100vw, 300px\" \/><\/a><p id=\"caption-attachment-70400\" class=\"wp-caption-text\"><br \/>Delegada Dr\u00aa Mariana Andrade, respons\u00e1vel pelo inqu\u00e9rito. (Foto: SE Not\u00edcias)<\/p><\/div>\n<p style=\"text-align: justify;\">Ap\u00f3s quase tr\u00eas meses de investiga\u00e7\u00f5es quanto a uma suposta rede de pedofilia, dando conta que homens teriam estuprado quatro crian\u00e7as com a coniv\u00eancia da m\u00e3e, o caso teve uma reviravolta nesta quinta-feira, 25. Isso porque a pol\u00edcia civil sergipana atrav\u00e9s da delegada de Itaporanga, Mariana Andrade, indiciou o pai das meninas de pr\u00e9-nome Jaime e o conselheiro tutelar de Alagoas, Fernando da Silva. De acordo com a delegada, tanto o pai das meninas quanto o conselheiro s\u00e3o respons\u00e1veis por propagar a farsa e influenciarem as meninas a darem falsos testemunhos do caso.<\/p>\n<p style=\"text-align: justify;\">Durante coletiva, a delegada Mariana Andrade, explicou que o inqu\u00e9rito civil foi instaurado em julho deste ano para apurar a den\u00fancia de maus tratos e abusos cometido contra as crian\u00e7as supostamente pela m\u00e3e e pelo ent\u00e3o companheiro dela.<\/p>\n<p style=\"text-align: justify;\">\u201cN\u00e3o houve prova que comprovasse maus tratos ou abuso, nem prova testemunhal nem prova t\u00e9cnica nesse sentido. O hist\u00f3rico narrado pelas crian\u00e7as n\u00e3o condiz com a condi\u00e7\u00e3o f\u00edsica dela. Se elas tivessem eventualmente sendo abusada ou maltratada pela m\u00e3e ou algu\u00e9m, teria sinais percept\u00edvel. Essas meninas frequentavam a escola, m\u00e9dicos e ningu\u00e9m nunca percebeu nada de anormal nas meninas\u201d, conta a delegada.<\/p>\n<p><strong>Aliena\u00e7\u00e3o parental<\/strong><\/p>\n<p style=\"text-align: justify;\">No entendimento da delegada, o pai das meninas teria arquitetado toda a situa\u00e7\u00e3o com o objetivo de prejudicar e atingir a m\u00e3e das crian\u00e7as. \u201cPartimos para ouvir grande parte das pessoas que residem em Itaporanga e conheciam a hist\u00f3ria do casal e as meninas, ningu\u00e9m chegou para desabonar a conduta da m\u00e3e. As testemunhas falam que quem sustentava a casa era ela, ele n\u00e3o trabalhava, ela teve uma ascens\u00e3o profissional, arrumou outros namorados e isso n\u00e3o foi bem visto por ele. Existe um laudo psicol\u00f3gico que consta nos autos e que comprova que foi um caso t\u00edpico de aliena\u00e7\u00e3o parental [\u00e9 a pr\u00e1tica do pai ou da m\u00e3e afastar o outro da vida da crian\u00e7a]\u201d, afirma.<\/p>\n<p><strong>Mentira<\/strong><\/p>\n<p style=\"text-align: justify;\">Ainda segundo a delegada, durante depoimento, testemunhas de Alagoas garantiram que o pai das crian\u00e7as induziam as jovens a mentirem. \u201cFoi comprovado que houve mentira por parte do genitor, ele induziu as meninas a mentirem, a contar esse tipo de hist\u00f3ria. Temos provas testemunhais que falam que eles mandavam as meninas decorarem o que era para ser dito, inclusive o nome dos supostos fazendeiros. S\u00e3o testemunhas l\u00e1 de Alagoas que confirmam que ele mandava as meninas decorarem, ent\u00e3o amea\u00e7ava as meninas de toda forma\u201d.<\/p>\n<p><strong>Conselheiro tutelar<\/strong><\/p>\n<p style=\"text-align: justify;\">Quanto ao papel desenvolvido pelo conselheiro tutelar, a delegada afirma que n\u00e3o foi feito de forma \u00e0 proteger as crian\u00e7as. \u201cO conselho tutelar ao meu ver n\u00e3o trabalhou de forma profissional nem respons\u00e1vel nesse caso. Uma coisa s\u00e3o as partes tomar uma alega\u00e7\u00e3o como verdadeira e tomar partido, a inten\u00e7\u00e3o de toda rede de prote\u00e7\u00e3o da crian\u00e7a \u00e9 chegar o bem-estar da crian\u00e7a, as meninas foram massacradas, tinham que ir a m\u00eddia tendo que falar o tempo todo coisas que elas n\u00e3o queriam. Nenhum tipo de psic\u00f3logo, durante esses dois anos delas l\u00e1, acompanhou o caso para conversar com elas, ent\u00e3o houve falha nisso. A rede de prote\u00e7\u00e3o que era pra ser feita pelo conselho, n\u00e3o foi feita, pelo menos n\u00e3o foi comprovada at\u00e9 agora\u201d.<\/p>\n<p><strong>Erro no laudo<\/strong><\/p>\n<p style=\"text-align: justify;\">A delegada esclarece que em um primeiro momento houve ind\u00edcios de que o IML de Alagoas teria constatado que havia ind\u00edcios de atos libidinosos, mas que a informa\u00e7\u00e3o foi negada em um segundo momento. \u201cO IML de Alagoas n\u00e3o constatou nenhum tipo de abuso. Inicialmente ele teria sugerido atos libidinosos que foi a minha d\u00favida, por isso que n\u00e3o finalizei a investiga\u00e7\u00e3o. Em conversa com o diretor do IML de Alagoas na semana passada nos chegou a resposta, n\u00e3o houve sequer atos libidinosos com as crian\u00e7a, houve falha na digita\u00e7\u00e3o do laudo e a\u00ed por engano eles acabaram colocando que teria existido atos libidinosos quando na verdade n\u00e3o existiu, ent\u00e3o n\u00e3o houve conjun\u00e7\u00e3o carnal, nem atos libidinosos\u201d.<\/p>\n<p style=\"text-align: justify;\">Indagada se algu\u00e9m poderia ser punido por conta do erro, a delegada disse acreditar que n\u00e3o. \u201cN\u00e3o. Creio que n\u00e3o porque na verdade o que houve foi s\u00f3 um erro de digita\u00e7\u00e3o, o que eu disse desde o come\u00e7o, o primeiro laudo fala que havia sinais de atos libidinosos, s\u00f3 que atos libidinosos se confundem tamb\u00e9m com marcas do dia a dia, uma queda, a menina se arranha ou uma mordida, alguma coisa desse tipo. Qual seria o ato libidinoso que perduraria seis meses no corpo de uma pessoa?, n\u00e3o existe porque elas sa\u00edram em companhia da m\u00e3e em dezembro de 2012, o exame foi feito em agosto de 2013. Desde o in\u00edcio eu falava que a resposta era incongruente, n\u00e3o existe uma marca, um vest\u00edgio que dure seis meses em uma pessoa, mas por precau\u00e7\u00e3o, para n\u00e3o restar d\u00favida pedir que o IML de Alagoas revisse o laudo pericial e eles reviram e perceberam que houve um erro na hora da digita\u00e7\u00e3o, onde ele fala que havia sinais de ato libidinoso, na verdade n\u00e3o havia sinais e nenhum dos tipos de estupro foi visualizada no corpo das crian\u00e7as\u201d, afirma.<\/p>\n<p style=\"text-align: justify;\"><strong>Indiciamento<\/strong><\/p>\n<p style=\"text-align: justify;\">O inqu\u00e9rito j\u00e1 est\u00e1 de posse do poder judici\u00e1rio de Itaporanga D\u2019\u00e1juda. O pai das meninas foi indiciado por denuncia\u00e7\u00e3o caluniosa, corrup\u00e7\u00e3o de menores e exposi\u00e7\u00e3o de menores a meio vexat\u00f3rio, j\u00e1 o conselheiro tutelar a exposi\u00e7\u00e3o de menores a meio vexat\u00f3rio.<\/p>\n<p><strong>Siga o SE Not\u00edcias pelo <a href=\" https:\/\/twitter.com\/Senoticias\" target=\"_blank\">Twitter<\/a> e curta no <a href=\" https:\/\/www.facebook.com\/PortalSENoticias\" target=\"_blank\">Facebook<\/a><\/strong><\/p>\n<p style=\"text-align: justify;\">\n","protected":false},"excerpt":{"rendered":"<p>Por Aisla Vasconcelos, Portal Infonet Ap\u00f3s quase tr\u00eas meses de investiga\u00e7\u00f5es quanto a uma suposta rede de pedofilia, dando conta que homens teriam estuprado quatro crian\u00e7as com a coniv\u00eancia da m\u00e3e, o caso teve uma reviravolta nesta quinta-feira, 25. Isso porque a pol\u00edcia civil sergipana atrav\u00e9s da delegada de Itaporanga, Mariana Andrade, indiciou o pai [&hellip;]<\/p>\n","protected":false},"author":1,"featured_media":70400,"comment_status":"closed","ping_status":"closed","sticky":false,"template":"","format":"standard","meta":{"footnotes":""},"categories":[310,7],"tags":[],"class_list":{"0":"post-70418","1":"post","2":"type-post","3":"status-publish","4":"format-standard","5":"has-post-thumbnail","7":"category-destaques-da-semana","8":"category-policia"},"_links":{"self":[{"href":"https:\/\/senoticias.com.br\/se\/wp-json\/wp\/v2\/posts\/70418"}],"collection":[{"href":"https:\/\/senoticias.com.br\/se\/wp-json\/wp\/v2\/posts"}],"about":[{"href":"https:\/\/senoticias.com.br\/se\/wp-json\/wp\/v2\/types\/post"}],"author":[{"embeddable":true,"href":"https:\/\/senoticias.com.br\/se\/wp-json\/wp\/v2\/users\/1"}],"replies":[{"embeddable":true,"href":"https:\/\/senoticias.com.br\/se\/wp-json\/wp\/v2\/comments?post=70418"}],"version-history":[{"count":0,"href":"https:\/\/senoticias.com.br\/se\/wp-json\/wp\/v2\/posts\/70418\/revisions"}],"wp:featuredmedia":[{"embeddable":true,"href":"https:\/\/senoticias.com.br\/se\/wp-json\/wp\/v2\/media\/70400"}],"wp:attachment":[{"href":"https:\/\/senoticias.com.br\/se\/wp-json\/wp\/v2\/media?parent=70418"}],"wp:term":[{"taxonomy":"category","embeddable":true,"href":"https:\/\/senoticias.com.br\/se\/wp-json\/wp\/v2\/categories?post=70418"},{"taxonomy":"post_tag","embeddable":true,"href":"https:\/\/senoticias.com.br\/se\/wp-json\/wp\/v2\/tags?post=70418"}],"curies":[{"name":"wp","href":"https:\/\/api.w.org\/{rel}","templated":true}]}}