{"id":69234,"date":"2014-08-29T13:38:02","date_gmt":"2014-08-29T16:38:02","guid":{"rendered":"http:\/\/senoticias.com.br\/se\/?p=69234"},"modified":"2014-08-29T13:38:02","modified_gmt":"2014-08-29T16:38:02","slug":"teto-de-posto-de-saude-ameaca-desabar-em-aracaju","status":"publish","type":"post","link":"https:\/\/senoticias.com.br\/se\/teto-de-posto-de-saude-ameaca-desabar-em-aracaju\/","title":{"rendered":"Teto de posto de sa\u00fade amea\u00e7a desabar em Aracaju"},"content":{"rendered":"<div id=\"attachment_69235\" style=\"width: 568px\" class=\"wp-caption aligncenter\"><a href=\"http:\/\/senoticias.com.br\/se\/wp-content\/uploads\/2014\/08\/possto.jpg\"><img loading=\"lazy\" decoding=\"async\" aria-describedby=\"caption-attachment-69235\" class=\" wp-image-69235 \" alt=\"Recep\u00e7\u00e3o do local est\u00e1 isolada (Foto: Daniel Soares\/G1)\" src=\"http:\/\/senoticias.com.br\/se\/wp-content\/uploads\/2014\/08\/possto.jpg\" width=\"558\" height=\"419\" srcset=\"https:\/\/senoticias.com.br\/se\/wp-content\/uploads\/2014\/08\/possto.jpg 620w, https:\/\/senoticias.com.br\/se\/wp-content\/uploads\/2014\/08\/possto-300x225.jpg 300w, https:\/\/senoticias.com.br\/se\/wp-content\/uploads\/2014\/08\/possto-342x256.jpg 342w, https:\/\/senoticias.com.br\/se\/wp-content\/uploads\/2014\/08\/possto-60x45.jpg 60w, https:\/\/senoticias.com.br\/se\/wp-content\/uploads\/2014\/08\/possto-150x113.jpg 150w, https:\/\/senoticias.com.br\/se\/wp-content\/uploads\/2014\/08\/possto-269x201.jpg 269w\" sizes=\"(max-width: 558px) 100vw, 558px\" \/><\/a><p id=\"caption-attachment-69235\" class=\"wp-caption-text\">Recep\u00e7\u00e3o do local est\u00e1 isolada (Foto: Daniel Soares\/G1)<\/p><\/div>\n<p style=\"text-align: justify;\">O teto da recep\u00e7\u00e3o do Posto de Sa\u00fade Jos\u00e9 Machado de Souza, no Bairro Santos Dumont, em Aracaju, apresenta infiltra\u00e7\u00e3o e \u00e9 motivo de preocupa\u00e7\u00e3o entre os pacientes que frequentam o local.<\/p>\n<p style=\"text-align: justify;\">A recep\u00e7\u00e3o est\u00e1 parcialmente isolada e o atendimento est\u00e1 sendo feito atrav\u00e9s da porta dos fundos, o que dificulta o acesso para algumas pessoas.<\/p>\n<p style=\"text-align: justify;\">\u201cEles deveriam colocar o posto para funcionar em outro lugar ou fazer a reforma\u201d, reclama a pensionista Mirian Alexandrina dos Santos, 53, que sofre de diabetes e tem dificuldades para andar.<\/p>\n<p style=\"text-align: justify;\">A equipe do G1 falou com a administra\u00e7\u00e3o do local que preferiu n\u00e3o se pronunciar sobre o assunto.<\/p>\n<p style=\"text-align: justify;\"><em>Com informa\u00e7\u00f5es do G1SE\u00a0<\/em><\/p>\n<p style=\"text-align: justify;\"><strong>Siga o SE Not\u00edcias pelo <a href=\"https:\/\/twitter.com\/Senoticias\" target=\"_blank\">Twitter<\/a> e curta pelo <a href=\"https:\/\/www.facebook.com\/PortalSENoticias\" target=\"_blank\">Facebook\u00a0<\/a><\/strong><\/p>\n","protected":false},"excerpt":{"rendered":"<p>O teto da recep\u00e7\u00e3o do Posto de Sa\u00fade Jos\u00e9 Machado de Souza, no Bairro Santos Dumont, em Aracaju, apresenta infiltra\u00e7\u00e3o e \u00e9 motivo de preocupa\u00e7\u00e3o entre os pacientes que frequentam o local. A recep\u00e7\u00e3o est\u00e1 parcialmente isolada e o atendimento est\u00e1 sendo feito atrav\u00e9s da porta dos fundos, o que dificulta o acesso para algumas [&hellip;]<\/p>\n","protected":false},"author":1,"featured_media":69235,"comment_status":"closed","ping_status":"closed","sticky":false,"template":"","format":"standard","meta":{"footnotes":""},"categories":[38],"tags":[],"class_list":{"0":"post-69234","1":"post","2":"type-post","3":"status-publish","4":"format-standard","5":"has-post-thumbnail","7":"category-municipios"},"_links":{"self":[{"href":"https:\/\/senoticias.com.br\/se\/wp-json\/wp\/v2\/posts\/69234"}],"collection":[{"href":"https:\/\/senoticias.com.br\/se\/wp-json\/wp\/v2\/posts"}],"about":[{"href":"https:\/\/senoticias.com.br\/se\/wp-json\/wp\/v2\/types\/post"}],"author":[{"embeddable":true,"href":"https:\/\/senoticias.com.br\/se\/wp-json\/wp\/v2\/users\/1"}],"replies":[{"embeddable":true,"href":"https:\/\/senoticias.com.br\/se\/wp-json\/wp\/v2\/comments?post=69234"}],"version-history":[{"count":0,"href":"https:\/\/senoticias.com.br\/se\/wp-json\/wp\/v2\/posts\/69234\/revisions"}],"wp:featuredmedia":[{"embeddable":true,"href":"https:\/\/senoticias.com.br\/se\/wp-json\/wp\/v2\/media\/69235"}],"wp:attachment":[{"href":"https:\/\/senoticias.com.br\/se\/wp-json\/wp\/v2\/media?parent=69234"}],"wp:term":[{"taxonomy":"category","embeddable":true,"href":"https:\/\/senoticias.com.br\/se\/wp-json\/wp\/v2\/categories?post=69234"},{"taxonomy":"post_tag","embeddable":true,"href":"https:\/\/senoticias.com.br\/se\/wp-json\/wp\/v2\/tags?post=69234"}],"curies":[{"name":"wp","href":"https:\/\/api.w.org\/{rel}","templated":true}]}}