{"id":69230,"date":"2014-08-29T13:29:40","date_gmt":"2014-08-29T16:29:40","guid":{"rendered":"http:\/\/senoticias.com.br\/se\/?p=69230"},"modified":"2014-08-29T13:29:40","modified_gmt":"2014-08-29T16:29:40","slug":"prf-detem-quatro-em-flagrante-com-6-kg-de-maconha","status":"publish","type":"post","link":"https:\/\/senoticias.com.br\/se\/prf-detem-quatro-em-flagrante-com-6-kg-de-maconha\/","title":{"rendered":"PRF det\u00e9m quatro em flagrante com 6 kg de maconha"},"content":{"rendered":"<div id=\"attachment_69232\" style=\"width: 310px\" class=\"wp-caption alignright\"><a href=\"http:\/\/senoticias.com.br\/se\/wp-content\/uploads\/2014\/08\/conteudo_2_42931_20140829091551_54006ef70ebc3.jpg\"><img loading=\"lazy\" decoding=\"async\" aria-describedby=\"caption-attachment-69232\" class=\"size-medium wp-image-69232\" alt=\"Foto: PRF\" src=\"http:\/\/senoticias.com.br\/se\/wp-content\/uploads\/2014\/08\/conteudo_2_42931_20140829091551_54006ef70ebc3-300x168.jpg\" width=\"300\" height=\"168\" srcset=\"https:\/\/senoticias.com.br\/se\/wp-content\/uploads\/2014\/08\/conteudo_2_42931_20140829091551_54006ef70ebc3-300x168.jpg 300w, https:\/\/senoticias.com.br\/se\/wp-content\/uploads\/2014\/08\/conteudo_2_42931_20140829091551_54006ef70ebc3-342x191.jpg 342w, https:\/\/senoticias.com.br\/se\/wp-content\/uploads\/2014\/08\/conteudo_2_42931_20140829091551_54006ef70ebc3.jpg 500w\" sizes=\"(max-width: 300px) 100vw, 300px\" \/><\/a><p id=\"caption-attachment-69232\" class=\"wp-caption-text\">Foto: PRF<\/p><\/div>\n<p style=\"text-align: justify;\">Na noite dessa quinta-feira (28) agentes da Pol\u00edcia Rodovi\u00e1ria Federal (PRF) apreenderam dois adolescentes e prenderam dois homens, em Nossa Senhora do Socorro, com seis quilos de maconha.<\/p>\n<p style=\"text-align: justify;\">O grupo estava em um t\u00e1xi e o flagrante foi efetuado durante o trabalho de combate a assalto a taxistas. De acordo com a PRF, os policiais rodovi\u00e1rios federais abordaram um t\u00e1xi de Aracaju com tr\u00eas ocupantes. Durante a revista no interior do ve\u00edculo, os policiais encontraram no assoalho traseiro v\u00e1rios tabletes de maconha e duas muni\u00e7\u00f5es de rev\u00f3lver calibre 38 intactas.<\/p>\n<p style=\"text-align: justify;\">Um dos detidos, que \u00e9 estudante de direito em uma universidade de Aracaju, j\u00e1 havia sido preso anteriormente envolvido com uma quadrilha de roubo de carros. A ocorr\u00eancia foi encaminhada a delegacia plantonista em Aracaju.<\/p>\n<p style=\"text-align: justify;\"><em>Com informa\u00e7\u00f5es da PRF\u00a0<\/em><\/p>\n<p style=\"text-align: justify;\"><strong>Siga o SE Not\u00edcias pelo <a href=\"http:\/\/twitter.com\/Senoticias\" target=\"_blank\">Twitter<\/a> e curta pelo <a href=\"https:\/\/www.facebook.com\/PortalSENoticias\" target=\"_blank\">Facebook\u00a0<\/a><\/strong><\/p>\n","protected":false},"excerpt":{"rendered":"<p>Na noite dessa quinta-feira (28) agentes da Pol\u00edcia Rodovi\u00e1ria Federal (PRF) apreenderam dois adolescentes e prenderam dois homens, em Nossa Senhora do Socorro, com seis quilos de maconha. O grupo estava em um t\u00e1xi e o flagrante foi efetuado durante o trabalho de combate a assalto a taxistas. De acordo com a PRF, os policiais [&hellip;]<\/p>\n","protected":false},"author":1,"featured_media":69232,"comment_status":"closed","ping_status":"closed","sticky":false,"template":"","format":"standard","meta":{"footnotes":""},"categories":[7],"tags":[],"class_list":{"0":"post-69230","1":"post","2":"type-post","3":"status-publish","4":"format-standard","5":"has-post-thumbnail","7":"category-policia"},"_links":{"self":[{"href":"https:\/\/senoticias.com.br\/se\/wp-json\/wp\/v2\/posts\/69230"}],"collection":[{"href":"https:\/\/senoticias.com.br\/se\/wp-json\/wp\/v2\/posts"}],"about":[{"href":"https:\/\/senoticias.com.br\/se\/wp-json\/wp\/v2\/types\/post"}],"author":[{"embeddable":true,"href":"https:\/\/senoticias.com.br\/se\/wp-json\/wp\/v2\/users\/1"}],"replies":[{"embeddable":true,"href":"https:\/\/senoticias.com.br\/se\/wp-json\/wp\/v2\/comments?post=69230"}],"version-history":[{"count":0,"href":"https:\/\/senoticias.com.br\/se\/wp-json\/wp\/v2\/posts\/69230\/revisions"}],"wp:featuredmedia":[{"embeddable":true,"href":"https:\/\/senoticias.com.br\/se\/wp-json\/wp\/v2\/media\/69232"}],"wp:attachment":[{"href":"https:\/\/senoticias.com.br\/se\/wp-json\/wp\/v2\/media?parent=69230"}],"wp:term":[{"taxonomy":"category","embeddable":true,"href":"https:\/\/senoticias.com.br\/se\/wp-json\/wp\/v2\/categories?post=69230"},{"taxonomy":"post_tag","embeddable":true,"href":"https:\/\/senoticias.com.br\/se\/wp-json\/wp\/v2\/tags?post=69230"}],"curies":[{"name":"wp","href":"https:\/\/api.w.org\/{rel}","templated":true}]}}