{"id":69225,"date":"2014-08-29T12:35:39","date_gmt":"2014-08-29T15:35:39","guid":{"rendered":"http:\/\/senoticias.com.br\/se\/?p=69225"},"modified":"2014-08-30T18:20:19","modified_gmt":"2014-08-30T21:20:19","slug":"torcedora-que-chamou-goleiro-de-macaco-e-afastada-do-trabalho","status":"publish","type":"post","link":"https:\/\/senoticias.com.br\/se\/torcedora-que-chamou-goleiro-de-macaco-e-afastada-do-trabalho\/","title":{"rendered":"Torcedora que chamou goleiro de &#8220;macaco&#8221; \u00e9 afastada do trabalho"},"content":{"rendered":"<p>Jeremias Werneck e Marinho Saldanha<br \/>\nDo UOL, em Porto Alegre<\/p>\n<div id=\"attachment_69226\" style=\"width: 310px\" class=\"wp-caption alignright\"><a href=\"http:\/\/senoticias.com.br\/se\/wp-content\/uploads\/2014\/08\/Aranha.jpg\"><img loading=\"lazy\" decoding=\"async\" aria-describedby=\"caption-attachment-69226\" class=\"size-medium wp-image-69226\" alt=\"V\u00edtima de racismo por parte da torcida do Gr\u00eamio, na \u00faltima quinta-feira, o goleiro Aranha vai registrar boletim de ocorr\u00eancia em delegacia. (Divulga\u00e7\u00e3o\/SFC)\" src=\"http:\/\/senoticias.com.br\/se\/wp-content\/uploads\/2014\/08\/Aranha-300x200.jpg\" width=\"300\" height=\"200\" srcset=\"https:\/\/senoticias.com.br\/se\/wp-content\/uploads\/2014\/08\/Aranha-300x200.jpg 300w, https:\/\/senoticias.com.br\/se\/wp-content\/uploads\/2014\/08\/Aranha-342x228.jpg 342w, https:\/\/senoticias.com.br\/se\/wp-content\/uploads\/2014\/08\/Aranha.jpg 780w\" sizes=\"(max-width: 300px) 100vw, 300px\" \/><\/a><p id=\"caption-attachment-69226\" class=\"wp-caption-text\">V\u00edtima de racismo por parte da torcida do Gr\u00eamio, na \u00faltima quinta-feira, o goleiro Aranha vai registrar boletim de ocorr\u00eancia em delegacia. (Divulga\u00e7\u00e3o\/SFC)<\/p><\/div>\n<p style=\"text-align: justify;\">A torcedora do Gr\u00eamio Patr\u00edcia Moreira deixou o anonimato ao ser flagrada pelas c\u00e2meras do canal fechado &#8220;ESPN&#8221; chamando de &#8220;macaco&#8221; o goleiro Aranha, do Santos, em partida disputada em Porto Alegre na \u00faltima quinta-feira (28). E as primeiras repercuss\u00f5es na vida dela j\u00e1 come\u00e7aram a acontecer: nesta sexta-feira, ela foi afastada do trabalho por causa da atitude.<\/p>\n<p style=\"text-align: justify;\">Patr\u00edcia prestava servi\u00e7os ao Centro Odontol\u00f3gico da Brigada Militar. N\u00e3o tinha v\u00ednculo empregat\u00edcio com a corpora\u00e7\u00e3o, mas era contratada por uma empresa que prestava servi\u00e7o. Por causa da conduta inadequada durante per\u00edodo de folga, ela foi afastada do emprego e substitu\u00edda em suas fun\u00e7\u00f5es.<\/p>\n<p style=\"text-align: justify;\">&#8220;Informamos que a torcedora filmada ontem, xingando o goleiro do Santos, j\u00e1 foi afastada de sua fun\u00e7\u00e3o na Policl\u00ednica&#8221;, divulgou a Brigada Militar em seu perfil oficial no Twitter. A reportagem do UOL Esporte confirmou que a substitui\u00e7\u00e3o j\u00e1 at\u00e9 aconteceu.<\/p>\n<p style=\"text-align: justify;\">Ainda na noite de quinta-feira, os xingamentos racistas proferidos por Patr\u00edcia geraram rea\u00e7\u00f5es incisivas em redes sociais. Ela cancelou sua conta no Twitter para evitar o enfrentamento.<\/p>\n<p style=\"text-align: justify;\">O Santos confirmou nesta sexta que o goleiro Aranha ir\u00e1 registrar um Boletim de Ocorr\u00eancia e o clube ir\u00e1 &#8220;at\u00e9 o fim&#8221; para coibir tais atos. O Gr\u00eamio divulgou na madrugada uma nota de rep\u00fadio e prometeu punir os torcedores racistas.<\/p>\n<p style=\"text-align: justify;\">As ofensas racistas direcionadas a Aranha aconteceram no segundo tempo de Gr\u00eamio 0 x 2 Santos, partida de ida das oitavas de final da Copa do Brasil. O \u00e1rbitro Wilton Pereira Sampaio ignorou o incidente na vers\u00e3o inicial da s\u00famula, mas acrescentou o epis\u00f3dio em adendo feito nesta sexta-feira.<\/p>\n<p><strong>Siga o SE Not\u00edcias pelo <a href=\" https:\/\/twitter.com\/Senoticias\" target=\"_blank\">Twitter<\/a> e curta no <a href=\" https:\/\/www.facebook.com\/PortalSENoticias\" target=\"_blank\">Facebook<\/a><\/strong><\/p>\n","protected":false},"excerpt":{"rendered":"<p>Jeremias Werneck e Marinho Saldanha Do UOL, em Porto Alegre A torcedora do Gr\u00eamio Patr\u00edcia Moreira deixou o anonimato ao ser flagrada pelas c\u00e2meras do canal fechado &#8220;ESPN&#8221; chamando de &#8220;macaco&#8221; o goleiro Aranha, do Santos, em partida disputada em Porto Alegre na \u00faltima quinta-feira (28). E as primeiras repercuss\u00f5es na vida dela j\u00e1 come\u00e7aram [&hellip;]<\/p>\n","protected":false},"author":3,"featured_media":69226,"comment_status":"closed","ping_status":"closed","sticky":false,"template":"","format":"standard","meta":{"footnotes":""},"categories":[26],"tags":[],"class_list":{"0":"post-69225","1":"post","2":"type-post","3":"status-publish","4":"format-standard","5":"has-post-thumbnail","7":"category-esportes"},"_links":{"self":[{"href":"https:\/\/senoticias.com.br\/se\/wp-json\/wp\/v2\/posts\/69225"}],"collection":[{"href":"https:\/\/senoticias.com.br\/se\/wp-json\/wp\/v2\/posts"}],"about":[{"href":"https:\/\/senoticias.com.br\/se\/wp-json\/wp\/v2\/types\/post"}],"author":[{"embeddable":true,"href":"https:\/\/senoticias.com.br\/se\/wp-json\/wp\/v2\/users\/3"}],"replies":[{"embeddable":true,"href":"https:\/\/senoticias.com.br\/se\/wp-json\/wp\/v2\/comments?post=69225"}],"version-history":[{"count":0,"href":"https:\/\/senoticias.com.br\/se\/wp-json\/wp\/v2\/posts\/69225\/revisions"}],"wp:featuredmedia":[{"embeddable":true,"href":"https:\/\/senoticias.com.br\/se\/wp-json\/wp\/v2\/media\/69226"}],"wp:attachment":[{"href":"https:\/\/senoticias.com.br\/se\/wp-json\/wp\/v2\/media?parent=69225"}],"wp:term":[{"taxonomy":"category","embeddable":true,"href":"https:\/\/senoticias.com.br\/se\/wp-json\/wp\/v2\/categories?post=69225"},{"taxonomy":"post_tag","embeddable":true,"href":"https:\/\/senoticias.com.br\/se\/wp-json\/wp\/v2\/tags?post=69225"}],"curies":[{"name":"wp","href":"https:\/\/api.w.org\/{rel}","templated":true}]}}